{"id":5583,"date":"2026-04-29T10:02:37","date_gmt":"2026-04-29T16:02:37","guid":{"rendered":"https:\/\/girasolmultimedios.com\/portal\/?p=5583"},"modified":"2026-04-29T10:02:38","modified_gmt":"2026-04-29T16:02:38","slug":"entregan-viviendas-a-familias-vulnerables-en-cantarranas","status":"publish","type":"post","link":"https:\/\/girasolmultimedios.com\/portal\/entregan-viviendas-a-familias-vulnerables-en-cantarranas\/","title":{"rendered":"Entregan viviendas a familias vulnerables en Cantarranas"},"content":{"rendered":"\n<p>Varias familias en condici\u00f3n de vulnerabilidad ahora cuentan con un hogar digno, tras la entrega de cinco viviendas en el municipio de Cantarranas, en una acci\u00f3n impulsada por la alcald\u00eda local en conjunto con organizaciones de apoyo social.<\/p>\n\n\n\n<p>El acto fue encabezado por el alcalde Marco Guzm\u00e1n, quien destac\u00f3 la importancia de este tipo de proyectos enfocados en mejorar la calidad de vida de la poblaci\u00f3n con mayores necesidades.<\/p>\n\n\n\n<p>La iniciativa se desarroll\u00f3 gracias al trabajo conjunto con la Fundaci\u00f3n CEPUDO y Food For The Poor International, entidades que han contribuido con programas de asistencia en distintas comunidades.<\/p>\n\n\n\n<p>Durante la entrega, se resalt\u00f3 que la correcta administraci\u00f3n de los recursos y la transparencia han sido factores determinantes para mantener el respaldo de estas organizaciones, permitiendo que m\u00e1s familias puedan beneficiarse de este tipo de ayudas.<\/p>\n\n\n\n<p>Las autoridades municipales aseguraron que continuar\u00e1n fortaleciendo alianzas estrat\u00e9gicas para ampliar este tipo de proyectos durante el 2026, con el objetivo de llevar soluciones concretas a m\u00e1s comunidades.<\/p>\n\n\n\n<p>Con acciones como esta, el municipio avanza en su compromiso de promover el bienestar social y reducir las condiciones de vulnerabilidad en la poblaci\u00f3n.<\/p>\n","protected":false},"excerpt":{"rendered":"<p>Varias familias en condici\u00f3n de vulnerabilidad ahora cuentan con un hogar digno, tras la entrega de cinco viviendas en el municipio de Cantarranas, en una acci\u00f3n impulsada por la alcald\u00eda local en conjunto con organizaciones de apoyo social. El acto fue encabezado por el alcalde Marco Guzm\u00e1n, quien destac\u00f3 la importancia de este tipo de [&hellip;]<\/p>\n","protected":false},"author":2,"featured_media":5584,"comment_status":"closed","ping_status":"open","sticky":false,"template":"","format":"standard","meta":{"_seopress_robots_primary_cat":"","_seopress_titles_title":"","_seopress_titles_desc":"","_seopress_robots_index":"","footnotes":""},"categories":[1],"tags":[],"class_list":["post-5583","post","type-post","status-publish","format-standard","has-post-thumbnail","hentry","category-sin-categoria"],"_links":{"self":[{"href":"https:\/\/girasolmultimedios.com\/portal\/wp-json\/wp\/v2\/posts\/5583","targetHints":{"allow":["GET"]}}],"collection":[{"href":"https:\/\/girasolmultimedios.com\/portal\/wp-json\/wp\/v2\/posts"}],"about":[{"href":"https:\/\/girasolmultimedios.com\/portal\/wp-json\/wp\/v2\/types\/post"}],"author":[{"embeddable":true,"href":"https:\/\/girasolmultimedios.com\/portal\/wp-json\/wp\/v2\/users\/2"}],"replies":[{"embeddable":true,"href":"https:\/\/girasolmultimedios.com\/portal\/wp-json\/wp\/v2\/comments?post=5583"}],"version-history":[{"count":1,"href":"https:\/\/girasolmultimedios.com\/portal\/wp-json\/wp\/v2\/posts\/5583\/revisions"}],"predecessor-version":[{"id":5585,"href":"https:\/\/girasolmultimedios.com\/portal\/wp-json\/wp\/v2\/posts\/5583\/revisions\/5585"}],"wp:featuredmedia":[{"embeddable":true,"href":"https:\/\/girasolmultimedios.com\/portal\/wp-json\/wp\/v2\/media\/5584"}],"wp:attachment":[{"href":"https:\/\/girasolmultimedios.com\/portal\/wp-json\/wp\/v2\/media?parent=5583"}],"wp:term":[{"taxonomy":"category","embeddable":true,"href":"https:\/\/girasolmultimedios.com\/portal\/wp-json\/wp\/v2\/categories?post=5583"},{"taxonomy":"post_tag","embeddable":true,"href":"https:\/\/girasolmultimedios.com\/portal\/wp-json\/wp\/v2\/tags?post=5583"}],"curies":[{"name":"wp","href":"https:\/\/api.w.org\/{rel}","templated":true}]}}