{"id":5613,"date":"2026-05-01T10:13:33","date_gmt":"2026-05-01T16:13:33","guid":{"rendered":"https:\/\/girasolmultimedios.com\/portal\/?p=5613"},"modified":"2026-05-01T10:13:34","modified_gmt":"2026-05-01T16:13:34","slug":"manuel-zelaya-participa-en-movilizacion-del-dia-del-trabajador-en-la-capital","status":"publish","type":"post","link":"https:\/\/girasolmultimedios.com\/portal\/manuel-zelaya-participa-en-movilizacion-del-dia-del-trabajador-en-la-capital\/","title":{"rendered":"Manuel Zelaya participa en movilizaci\u00f3n del D\u00eda del Trabajador en la capital"},"content":{"rendered":"\n<p>El coordinador del Partido Libertad y Refundaci\u00f3n (Libre), Manuel Zelaya Rosales, se uni\u00f3 este viernes a la marcha conmemorativa del D\u00eda Internacional del Trabajador, desarrollada en Tegucigalpa.<\/p>\n\n\n\n<p>El exmandatario se integr\u00f3 a la movilizaci\u00f3n convocada por distintas organizaciones sindicales y gremiales, la cual recorri\u00f3 varios puntos de la ciudad, partiendo desde el bulevar Comunidad Econ\u00f3mica Europea, en las cercan\u00edas del STIBYS, en Comayag\u00fcela, hasta llegar al centro de la capital.<\/p>\n\n\n\n<p>Durante la jornada, Zelaya expres\u00f3 su apoyo a las principales exigencias del sector obrero, en un contexto marcado por consignas relacionadas con la defensa de los derechos laborales, el aumento salarial y la creaci\u00f3n de oportunidades de empleo.<\/p>\n\n\n\n<p>La actividad reuni\u00f3 a numerosos trabajadores de instituciones p\u00fablicas y empresas privadas, quienes aprovecharon la fecha para presentar un conjunto de solicitudes que, seg\u00fan representantes sindicales, ser\u00e1 remitido a las autoridades para su respectivo an\u00e1lisis.<\/p>\n","protected":false},"excerpt":{"rendered":"<p>El coordinador del Partido Libertad y Refundaci\u00f3n (Libre), Manuel Zelaya Rosales, se uni\u00f3 este viernes a la marcha conmemorativa del D\u00eda Internacional del Trabajador, desarrollada en Tegucigalpa. El exmandatario se integr\u00f3 a la movilizaci\u00f3n convocada por distintas organizaciones sindicales y gremiales, la cual recorri\u00f3 varios puntos de la ciudad, partiendo desde el bulevar Comunidad Econ\u00f3mica [&hellip;]<\/p>\n","protected":false},"author":2,"featured_media":5614,"comment_status":"closed","ping_status":"open","sticky":false,"template":"","format":"standard","meta":{"_seopress_robots_primary_cat":"","_seopress_titles_title":"","_seopress_titles_desc":"","_seopress_robots_index":"","footnotes":""},"categories":[1],"tags":[],"class_list":["post-5613","post","type-post","status-publish","format-standard","has-post-thumbnail","hentry","category-sin-categoria"],"_links":{"self":[{"href":"https:\/\/girasolmultimedios.com\/portal\/wp-json\/wp\/v2\/posts\/5613","targetHints":{"allow":["GET"]}}],"collection":[{"href":"https:\/\/girasolmultimedios.com\/portal\/wp-json\/wp\/v2\/posts"}],"about":[{"href":"https:\/\/girasolmultimedios.com\/portal\/wp-json\/wp\/v2\/types\/post"}],"author":[{"embeddable":true,"href":"https:\/\/girasolmultimedios.com\/portal\/wp-json\/wp\/v2\/users\/2"}],"replies":[{"embeddable":true,"href":"https:\/\/girasolmultimedios.com\/portal\/wp-json\/wp\/v2\/comments?post=5613"}],"version-history":[{"count":1,"href":"https:\/\/girasolmultimedios.com\/portal\/wp-json\/wp\/v2\/posts\/5613\/revisions"}],"predecessor-version":[{"id":5615,"href":"https:\/\/girasolmultimedios.com\/portal\/wp-json\/wp\/v2\/posts\/5613\/revisions\/5615"}],"wp:featuredmedia":[{"embeddable":true,"href":"https:\/\/girasolmultimedios.com\/portal\/wp-json\/wp\/v2\/media\/5614"}],"wp:attachment":[{"href":"https:\/\/girasolmultimedios.com\/portal\/wp-json\/wp\/v2\/media?parent=5613"}],"wp:term":[{"taxonomy":"category","embeddable":true,"href":"https:\/\/girasolmultimedios.com\/portal\/wp-json\/wp\/v2\/categories?post=5613"},{"taxonomy":"post_tag","embeddable":true,"href":"https:\/\/girasolmultimedios.com\/portal\/wp-json\/wp\/v2\/tags?post=5613"}],"curies":[{"name":"wp","href":"https:\/\/api.w.org\/{rel}","templated":true}]}}