{"id":5616,"date":"2026-05-01T10:17:11","date_gmt":"2026-05-01T16:17:11","guid":{"rendered":"https:\/\/girasolmultimedios.com\/portal\/?p=5616"},"modified":"2026-05-01T10:17:12","modified_gmt":"2026-05-01T16:17:12","slug":"masivas-movilizaciones-obreras-se-registran-en-honduras-por-el-dia-del-trabajador","status":"publish","type":"post","link":"https:\/\/girasolmultimedios.com\/portal\/masivas-movilizaciones-obreras-se-registran-en-honduras-por-el-dia-del-trabajador\/","title":{"rendered":"Masivas movilizaciones obreras se registran en Honduras por el D\u00eda del Trabajador"},"content":{"rendered":"\n<p>En el marco del D\u00eda Internacional del Trabajador, miles de hondure\u00f1os participaron este jueves en marchas y concentraciones desarrolladas en distintas zonas del pa\u00eds, con el objetivo de exigir mejores condiciones laborales y mayor bienestar econ\u00f3mico.<\/p>\n\n\n\n<p>Las manifestaciones se llevaron a cabo en ciudades como San Pedro Sula, La Ceiba, Choluteca, as\u00ed como en regiones de Cop\u00e1n y Olancho, donde participaron sindicatos, colectivos sociales y trabajadores del sector informal.<\/p>\n\n\n\n<p>Entre las principales exigencias planteadas durante las movilizaciones destacan el incremento salarial, el acceso a productos b\u00e1sicos a precios m\u00e1s accesibles, la reducci\u00f3n en el costo de los combustibles y tarifas m\u00e1s bajas en el servicio de energ\u00eda el\u00e9ctrica.<\/p>\n\n\n\n<p>En La Ceiba, el representante de la Asociaci\u00f3n de Vendedores de Mercader\u00eda y Alimentos (Asovemac), Humberto F\u00fanez, indic\u00f3 que particip\u00f3 por primera vez en estas actividades, resaltando que uno de los principales problemas del sector es la extensa jornada laboral, que en muchos casos supera las 12 horas diarias.<\/p>\n\n\n\n<p>El dirigente se\u00f1al\u00f3 adem\u00e1s que los trabajadores informales suelen ser percibidos como un grupo sin derechos laborales, situaci\u00f3n que consideran injusta. Por ello, afirm\u00f3 que su participaci\u00f3n en esta jornada busca visibilizar sus necesidades y reivindicar su papel dentro de la econom\u00eda.<\/p>\n\n\n\n<p>F\u00fanez tambi\u00e9n expres\u00f3 su satisfacci\u00f3n por sumarse a la movilizaci\u00f3n y enfatiz\u00f3 la importancia de que el sector informal se integre a estas actividades para fortalecer sus demandas.<\/p>\n\n\n\n<p>Cada 1 de mayo se conmemora la lucha hist\u00f3rica de los trabajadores por mejores condiciones laborales, y en Honduras esta fecha contin\u00faa siendo un espacio clave para que diversos sectores hagan escuchar sus reclamos.<\/p>\n","protected":false},"excerpt":{"rendered":"<p>En el marco del D\u00eda Internacional del Trabajador, miles de hondure\u00f1os participaron este jueves en marchas y concentraciones desarrolladas en distintas zonas del pa\u00eds, con el objetivo de exigir mejores condiciones laborales y mayor bienestar econ\u00f3mico. Las manifestaciones se llevaron a cabo en ciudades como San Pedro Sula, La Ceiba, Choluteca, as\u00ed como en regiones [&hellip;]<\/p>\n","protected":false},"author":2,"featured_media":5617,"comment_status":"closed","ping_status":"open","sticky":false,"template":"","format":"standard","meta":{"_seopress_robots_primary_cat":"","_seopress_titles_title":"","_seopress_titles_desc":"","_seopress_robots_index":"","footnotes":""},"categories":[1],"tags":[],"class_list":["post-5616","post","type-post","status-publish","format-standard","has-post-thumbnail","hentry","category-sin-categoria"],"_links":{"self":[{"href":"https:\/\/girasolmultimedios.com\/portal\/wp-json\/wp\/v2\/posts\/5616","targetHints":{"allow":["GET"]}}],"collection":[{"href":"https:\/\/girasolmultimedios.com\/portal\/wp-json\/wp\/v2\/posts"}],"about":[{"href":"https:\/\/girasolmultimedios.com\/portal\/wp-json\/wp\/v2\/types\/post"}],"author":[{"embeddable":true,"href":"https:\/\/girasolmultimedios.com\/portal\/wp-json\/wp\/v2\/users\/2"}],"replies":[{"embeddable":true,"href":"https:\/\/girasolmultimedios.com\/portal\/wp-json\/wp\/v2\/comments?post=5616"}],"version-history":[{"count":1,"href":"https:\/\/girasolmultimedios.com\/portal\/wp-json\/wp\/v2\/posts\/5616\/revisions"}],"predecessor-version":[{"id":5618,"href":"https:\/\/girasolmultimedios.com\/portal\/wp-json\/wp\/v2\/posts\/5616\/revisions\/5618"}],"wp:featuredmedia":[{"embeddable":true,"href":"https:\/\/girasolmultimedios.com\/portal\/wp-json\/wp\/v2\/media\/5617"}],"wp:attachment":[{"href":"https:\/\/girasolmultimedios.com\/portal\/wp-json\/wp\/v2\/media?parent=5616"}],"wp:term":[{"taxonomy":"category","embeddable":true,"href":"https:\/\/girasolmultimedios.com\/portal\/wp-json\/wp\/v2\/categories?post=5616"},{"taxonomy":"post_tag","embeddable":true,"href":"https:\/\/girasolmultimedios.com\/portal\/wp-json\/wp\/v2\/tags?post=5616"}],"curies":[{"name":"wp","href":"https:\/\/api.w.org\/{rel}","templated":true}]}}