{"id":5622,"date":"2026-05-01T10:21:23","date_gmt":"2026-05-01T16:21:23","guid":{"rendered":"https:\/\/girasolmultimedios.com\/portal\/?p=5622"},"modified":"2026-05-01T10:21:25","modified_gmt":"2026-05-01T16:21:25","slug":"titular-del-congreso-nacional-reconoce-labor-de-los-trabajadores-hondurenos","status":"publish","type":"post","link":"https:\/\/girasolmultimedios.com\/portal\/titular-del-congreso-nacional-reconoce-labor-de-los-trabajadores-hondurenos\/","title":{"rendered":"Titular del Congreso Nacional reconoce labor de los trabajadores hondure\u00f1os"},"content":{"rendered":"\n<p>El presidente del Congreso Nacional, Tom\u00e1s Zambrano, comparti\u00f3 un mensaje de reconocimiento dirigido a la poblaci\u00f3n trabajadora del pa\u00eds, en el marco del D\u00eda Internacional del Trabajador.<\/p>\n\n\n\n<p>En su pronunciamiento, el titular del Poder Legislativo resalt\u00f3 el compromiso y la dedicaci\u00f3n de miles de hondure\u00f1os que, a trav\u00e9s de su labor diaria, contribuyen al sustento de sus hogares y al desarrollo del pa\u00eds.<\/p>\n\n\n\n<p>Durante su mensaje, Zambrano hizo \u00e9nfasis en la importancia del equilibrio entre el trabajo y el capital, se\u00f1alando que ambos elementos son fundamentales para el crecimiento econ\u00f3mico y social de Honduras.<\/p>\n\n\n\n<p>Asimismo, inst\u00f3 a evitar la confrontaci\u00f3n y las divisiones dentro de la sociedad, destacando que la unidad, el respeto y la colaboraci\u00f3n son claves para avanzar hacia un pa\u00eds con mayores oportunidades.<\/p>\n\n\n\n<p>El funcionario tambi\u00e9n subray\u00f3 la necesidad de valorar el esfuerzo de la clase trabajadora, consider\u00e1ndola un pilar esencial para alcanzar la estabilidad social, reducir los niveles de pobreza y promover el progreso nacional.<\/p>\n\n\n\n<p>Finalmente, reiter\u00f3 su llamado a continuar construyendo una Honduras basada en el trabajo, la uni\u00f3n y el desarrollo, enviando un saludo a todos los trabajadores en su d\u00eda.<\/p>\n","protected":false},"excerpt":{"rendered":"<p>El presidente del Congreso Nacional, Tom\u00e1s Zambrano, comparti\u00f3 un mensaje de reconocimiento dirigido a la poblaci\u00f3n trabajadora del pa\u00eds, en el marco del D\u00eda Internacional del Trabajador. En su pronunciamiento, el titular del Poder Legislativo resalt\u00f3 el compromiso y la dedicaci\u00f3n de miles de hondure\u00f1os que, a trav\u00e9s de su labor diaria, contribuyen al sustento [&hellip;]<\/p>\n","protected":false},"author":2,"featured_media":5623,"comment_status":"closed","ping_status":"open","sticky":false,"template":"","format":"standard","meta":{"_seopress_robots_primary_cat":"","_seopress_titles_title":"","_seopress_titles_desc":"","_seopress_robots_index":"","footnotes":""},"categories":[1],"tags":[],"class_list":["post-5622","post","type-post","status-publish","format-standard","has-post-thumbnail","hentry","category-sin-categoria"],"_links":{"self":[{"href":"https:\/\/girasolmultimedios.com\/portal\/wp-json\/wp\/v2\/posts\/5622","targetHints":{"allow":["GET"]}}],"collection":[{"href":"https:\/\/girasolmultimedios.com\/portal\/wp-json\/wp\/v2\/posts"}],"about":[{"href":"https:\/\/girasolmultimedios.com\/portal\/wp-json\/wp\/v2\/types\/post"}],"author":[{"embeddable":true,"href":"https:\/\/girasolmultimedios.com\/portal\/wp-json\/wp\/v2\/users\/2"}],"replies":[{"embeddable":true,"href":"https:\/\/girasolmultimedios.com\/portal\/wp-json\/wp\/v2\/comments?post=5622"}],"version-history":[{"count":1,"href":"https:\/\/girasolmultimedios.com\/portal\/wp-json\/wp\/v2\/posts\/5622\/revisions"}],"predecessor-version":[{"id":5624,"href":"https:\/\/girasolmultimedios.com\/portal\/wp-json\/wp\/v2\/posts\/5622\/revisions\/5624"}],"wp:featuredmedia":[{"embeddable":true,"href":"https:\/\/girasolmultimedios.com\/portal\/wp-json\/wp\/v2\/media\/5623"}],"wp:attachment":[{"href":"https:\/\/girasolmultimedios.com\/portal\/wp-json\/wp\/v2\/media?parent=5622"}],"wp:term":[{"taxonomy":"category","embeddable":true,"href":"https:\/\/girasolmultimedios.com\/portal\/wp-json\/wp\/v2\/categories?post=5622"},{"taxonomy":"post_tag","embeddable":true,"href":"https:\/\/girasolmultimedios.com\/portal\/wp-json\/wp\/v2\/tags?post=5622"}],"curies":[{"name":"wp","href":"https:\/\/api.w.org\/{rel}","templated":true}]}}