{"id":5628,"date":"2026-05-01T10:24:52","date_gmt":"2026-05-01T16:24:52","guid":{"rendered":"https:\/\/girasolmultimedios.com\/portal\/?p=5628"},"modified":"2026-05-01T10:24:53","modified_gmt":"2026-05-01T16:24:53","slug":"mas-de-24-mil-policias-resguardaran-marchas-del-1-de-mayo-en-honduras","status":"publish","type":"post","link":"https:\/\/girasolmultimedios.com\/portal\/mas-de-24-mil-policias-resguardaran-marchas-del-1-de-mayo-en-honduras\/","title":{"rendered":"M\u00e1s de 24 mil polic\u00edas resguardar\u00e1n marchas del 1 de mayo en Honduras"},"content":{"rendered":"\n<p>La Polic\u00eda Nacional de Honduras anunci\u00f3 la ejecuci\u00f3n de un amplio dispositivo de seguridad en todo el pa\u00eds con motivo de las movilizaciones por el D\u00eda Internacional del Trabajador, con el fin de mantener el orden y proteger a la poblaci\u00f3n.<\/p>\n\n\n\n<p>Seg\u00fan detall\u00f3 la instituci\u00f3n, m\u00e1s de 24,000 agentes estar\u00e1n desplegados antes, durante y despu\u00e9s de las marchas, con especial atenci\u00f3n en el Distrito Central, donde se espera una alta concentraci\u00f3n de participantes.<\/p>\n\n\n\n<p>El operativo comenz\u00f3 el 30 de abril a las 6:00 de la tarde y se mantendr\u00e1 activo hasta que finalicen todas las actividades conmemorativas. Entre las medidas adoptadas se incluye el cierre temporal de calles y avenidas por donde se desarrollar\u00e1n las movilizaciones.<\/p>\n\n\n\n<p>En Tegucigalpa, la cobertura se centrar\u00e1 en la ruta principal de la marcha, que parte desde las cercan\u00edas del STIBYS hasta el Parque Central, adem\u00e1s de la instalaci\u00f3n de retenes en los principales accesos a la ciudad.<\/p>\n\n\n\n<p>Tambi\u00e9n se brindar\u00e1 vigilancia en edificios gubernamentales, sedes diplom\u00e1ticas y organismos internacionales, como parte de las acciones preventivas.<\/p>\n\n\n\n<p>El despliegue se realiza en conjunto con otras instituciones como las Fuerzas Armadas de Honduras, COPECO, Cruz Roja, Cuerpo de Bomberos de Honduras, el Ministerio P\u00fablico, el Instituto Hondure\u00f1o de Transporte Terrestre y el Sistema Nacional de Emergencias 911.<\/p>\n\n\n\n<p>Finalmente, las autoridades hicieron un llamado a la ciudadan\u00eda y a los organizadores de las marchas a mantener una conducta pac\u00edfica y respetar las normas de tr\u00e1nsito, con el objetivo de garantizar una jornada segura y ordenada.<\/p>\n","protected":false},"excerpt":{"rendered":"<p>La Polic\u00eda Nacional de Honduras anunci\u00f3 la ejecuci\u00f3n de un amplio dispositivo de seguridad en todo el pa\u00eds con motivo de las movilizaciones por el D\u00eda Internacional del Trabajador, con el fin de mantener el orden y proteger a la poblaci\u00f3n. Seg\u00fan detall\u00f3 la instituci\u00f3n, m\u00e1s de 24,000 agentes estar\u00e1n desplegados antes, durante y despu\u00e9s [&hellip;]<\/p>\n","protected":false},"author":2,"featured_media":5629,"comment_status":"closed","ping_status":"open","sticky":false,"template":"","format":"standard","meta":{"_seopress_robots_primary_cat":"","_seopress_titles_title":"","_seopress_titles_desc":"","_seopress_robots_index":"","footnotes":""},"categories":[1],"tags":[],"class_list":["post-5628","post","type-post","status-publish","format-standard","has-post-thumbnail","hentry","category-sin-categoria"],"_links":{"self":[{"href":"https:\/\/girasolmultimedios.com\/portal\/wp-json\/wp\/v2\/posts\/5628","targetHints":{"allow":["GET"]}}],"collection":[{"href":"https:\/\/girasolmultimedios.com\/portal\/wp-json\/wp\/v2\/posts"}],"about":[{"href":"https:\/\/girasolmultimedios.com\/portal\/wp-json\/wp\/v2\/types\/post"}],"author":[{"embeddable":true,"href":"https:\/\/girasolmultimedios.com\/portal\/wp-json\/wp\/v2\/users\/2"}],"replies":[{"embeddable":true,"href":"https:\/\/girasolmultimedios.com\/portal\/wp-json\/wp\/v2\/comments?post=5628"}],"version-history":[{"count":1,"href":"https:\/\/girasolmultimedios.com\/portal\/wp-json\/wp\/v2\/posts\/5628\/revisions"}],"predecessor-version":[{"id":5630,"href":"https:\/\/girasolmultimedios.com\/portal\/wp-json\/wp\/v2\/posts\/5628\/revisions\/5630"}],"wp:featuredmedia":[{"embeddable":true,"href":"https:\/\/girasolmultimedios.com\/portal\/wp-json\/wp\/v2\/media\/5629"}],"wp:attachment":[{"href":"https:\/\/girasolmultimedios.com\/portal\/wp-json\/wp\/v2\/media?parent=5628"}],"wp:term":[{"taxonomy":"category","embeddable":true,"href":"https:\/\/girasolmultimedios.com\/portal\/wp-json\/wp\/v2\/categories?post=5628"},{"taxonomy":"post_tag","embeddable":true,"href":"https:\/\/girasolmultimedios.com\/portal\/wp-json\/wp\/v2\/tags?post=5628"}],"curies":[{"name":"wp","href":"https:\/\/api.w.org\/{rel}","templated":true}]}}