{"id":5631,"date":"2026-05-01T10:27:22","date_gmt":"2026-05-01T16:27:22","guid":{"rendered":"https:\/\/girasolmultimedios.com\/portal\/?p=5631"},"modified":"2026-05-01T10:27:23","modified_gmt":"2026-05-01T16:27:23","slug":"anuncian-cierres-viales-en-tegucigalpa-por-marchas-del-1-de-mayo","status":"publish","type":"post","link":"https:\/\/girasolmultimedios.com\/portal\/anuncian-cierres-viales-en-tegucigalpa-por-marchas-del-1-de-mayo\/","title":{"rendered":"Anuncian cierres viales en Tegucigalpa por marchas del 1 de mayo"},"content":{"rendered":"\n<p>La Direcci\u00f3n Nacional de Vialidad y Transporte inform\u00f3 sobre un plan especial de regulaci\u00f3n del tr\u00e1nsito en Tegucigalpa debido a las movilizaciones por el D\u00eda Internacional del Trabajador.<\/p>\n\n\n\n<p>Como parte de este dispositivo, se mantiene cerrado el paso vehicular en el tramo que va desde la entrada a la colonia El Pedregal hasta el Parque Central, recorrido principal por donde avanzar\u00e1n las marchas.<\/p>\n\n\n\n<p>Adem\u00e1s, las autoridades han habilitado 58 puntos de control en calles cercanas, con el fin de ordenar la circulaci\u00f3n, prevenir incidentes y brindar seguridad tanto a conductores como a peatones.<\/p>\n\n\n\n<p>Estos puntos estar\u00e1n supervisados por agentes de tr\u00e1nsito, quienes se encargar\u00e1n de orientar a la poblaci\u00f3n y dirigir el flujo vehicular en las zonas aleda\u00f1as.<\/p>\n\n\n\n<p>La DNVT recomend\u00f3 a los ciudadanos tomar rutas alternas para evitar congestionamientos, as\u00ed como atender las indicaciones del personal desplegado durante la jornada.<\/p>\n\n\n\n<p>El objetivo de estas medidas es permitir el desarrollo de las actividades conmemorativas sin mayores contratiempos y reducir el impacto en la movilidad dentro de la ciudad.<\/p>\n","protected":false},"excerpt":{"rendered":"<p>La Direcci\u00f3n Nacional de Vialidad y Transporte inform\u00f3 sobre un plan especial de regulaci\u00f3n del tr\u00e1nsito en Tegucigalpa debido a las movilizaciones por el D\u00eda Internacional del Trabajador. Como parte de este dispositivo, se mantiene cerrado el paso vehicular en el tramo que va desde la entrada a la colonia El Pedregal hasta el Parque [&hellip;]<\/p>\n","protected":false},"author":2,"featured_media":5632,"comment_status":"closed","ping_status":"open","sticky":false,"template":"","format":"standard","meta":{"_seopress_robots_primary_cat":"","_seopress_titles_title":"","_seopress_titles_desc":"","_seopress_robots_index":"","footnotes":""},"categories":[1],"tags":[],"class_list":["post-5631","post","type-post","status-publish","format-standard","has-post-thumbnail","hentry","category-sin-categoria"],"_links":{"self":[{"href":"https:\/\/girasolmultimedios.com\/portal\/wp-json\/wp\/v2\/posts\/5631","targetHints":{"allow":["GET"]}}],"collection":[{"href":"https:\/\/girasolmultimedios.com\/portal\/wp-json\/wp\/v2\/posts"}],"about":[{"href":"https:\/\/girasolmultimedios.com\/portal\/wp-json\/wp\/v2\/types\/post"}],"author":[{"embeddable":true,"href":"https:\/\/girasolmultimedios.com\/portal\/wp-json\/wp\/v2\/users\/2"}],"replies":[{"embeddable":true,"href":"https:\/\/girasolmultimedios.com\/portal\/wp-json\/wp\/v2\/comments?post=5631"}],"version-history":[{"count":1,"href":"https:\/\/girasolmultimedios.com\/portal\/wp-json\/wp\/v2\/posts\/5631\/revisions"}],"predecessor-version":[{"id":5633,"href":"https:\/\/girasolmultimedios.com\/portal\/wp-json\/wp\/v2\/posts\/5631\/revisions\/5633"}],"wp:featuredmedia":[{"embeddable":true,"href":"https:\/\/girasolmultimedios.com\/portal\/wp-json\/wp\/v2\/media\/5632"}],"wp:attachment":[{"href":"https:\/\/girasolmultimedios.com\/portal\/wp-json\/wp\/v2\/media?parent=5631"}],"wp:term":[{"taxonomy":"category","embeddable":true,"href":"https:\/\/girasolmultimedios.com\/portal\/wp-json\/wp\/v2\/categories?post=5631"},{"taxonomy":"post_tag","embeddable":true,"href":"https:\/\/girasolmultimedios.com\/portal\/wp-json\/wp\/v2\/tags?post=5631"}],"curies":[{"name":"wp","href":"https:\/\/api.w.org\/{rel}","templated":true}]}}