{"id":589,"date":"2025-09-23T14:51:12","date_gmt":"2025-09-23T20:51:12","guid":{"rendered":"https:\/\/girasolmultimedios.com\/portal\/?p=589"},"modified":"2025-09-23T14:51:12","modified_gmt":"2025-09-23T20:51:12","slug":"requerimiento-fiscal-en-alcaldia-de-sps-por-presunto-fraude","status":"publish","type":"post","link":"https:\/\/girasolmultimedios.com\/portal\/requerimiento-fiscal-en-alcaldia-de-sps-por-presunto-fraude\/","title":{"rendered":"Requerimiento fiscal en alcald\u00eda de SPS por presunto fraude"},"content":{"rendered":"\n<p>El Ministerio P\u00fablico mediante la Unidad Nacional de Apoyo Fiscal (UNAF) present\u00f3 en horas de la ma\u00f1ana un requerimiento fiscal contra funcionarios, exfuncionarios y particulares vinculados a la Alcald\u00eda Municipal de San Pedro Sula. <\/p>\n\n\n\n<p>El ente fiscal se\u00f1al\u00f3 que los involucrados en el caso \u00abfraccionaron contratos, incumplieron obras y lavaron activos con fondos municipales\u00bb. <\/p>\n\n\n\n<p>Seg\u00fan lo detallado por el MP, el caso viene de 2023 y abril de 2024, ocasion\u00f3 un perjuicio econ\u00f3mico superior a 45.5 millones de lempiras mediante la suscripci\u00f3n de 33 contratos fraudulentos con la empresa Constructora HERCOD S. de R.L., destinados supuestamente al mejoramiento vial.<\/p>\n\n\n\n<p>Nueve personas han sido se\u00f1aladas de dicho fraude alegado por las autoridades fiscales. Estas son: Denys Jamil Paz Mart\u00ednez, Walter Manuel Cartagena, Eunice Alejandra Amaya Barnica, Marlen Karina Mena G\u00f3mez, Osman David Ch\u00e1vez Orellana, Olga Estela \u00c1vila Ortega, Luis Fernando Hern\u00e1ndez Portillo, Andrea Faviola Perdomo Delgadillo y Malcos Jonathan Morales Corea.<\/p>\n\n\n\n<figure class=\"wp-block-embed is-type-rich is-provider-twitter wp-block-embed-twitter\"><div class=\"wp-block-embed__wrapper\">\n<blockquote class=\"twitter-tweet\" data-width=\"550\" data-dnt=\"true\"><p lang=\"es\" dir=\"ltr\">MP presenta requerimiento fiscal por fraude de 45.5 millones en la alcald\u00eda de San Pedro Sula: fraccionaron contratos, incumplieron obras y lavaron activos con fondos municipales <a href=\"https:\/\/t.co\/np0rjHFYH1\">pic.twitter.com\/np0rjHFYH1<\/a><\/p>&mdash; Ministerio P\u00fablico (@MP_Honduras) <a href=\"https:\/\/twitter.com\/MP_Honduras\/status\/1970486692596392215?ref_src=twsrc%5Etfw\">September 23, 2025<\/a><\/blockquote><script async src=\"https:\/\/platform.twitter.com\/widgets.js\" charset=\"utf-8\"><\/script>\n<\/div><\/figure>\n\n\n\n<h2 class=\"wp-block-heading\">Yerno de alcalde Contreras incluido en este fraude<\/h2>\n\n\n\n<p>El MP tambi\u00e9n acusa al yerno del actual alcalde de la alcald\u00eda municipal, Roberto Contreras. Se trata de Steve Fajardo, quien ten\u00eda rodeada su casa de habitaci\u00f3n por agentes desde horas tempranas. <\/p>\n\n\n\n<p>Contreras, al enterarse sobre la noticia, reaccion\u00f3 molesto ante las acciones realizadas por el Ministerio P\u00fablico, lo cual en varios medios de comunicaci\u00f3n se\u00f1al\u00f3 que las mismas se tratan de \u00abuna persecuci\u00f3n pol\u00edtica\u00bb. <\/p>\n\n\n\n<figure class=\"wp-block-image size-large is-resized\"><img alt=\"\" loading=\"lazy\" decoding=\"async\" width=\"1024\" height=\"703\" src=\"https:\/\/girasolmultimedios.com\/portal\/wp-content\/uploads\/image-1-1024x703.png\" alt=\"\" class=\"wp-image-592\" style=\"width:545px;height:auto\" srcset=\"https:\/\/girasolmultimedios.com\/portal\/wp-content\/uploads\/image-1-1024x703.png 1024w, https:\/\/girasolmultimedios.com\/portal\/wp-content\/uploads\/image-1-300x206.png 300w, https:\/\/girasolmultimedios.com\/portal\/wp-content\/uploads\/image-1-150x103.png 150w, https:\/\/girasolmultimedios.com\/portal\/wp-content\/uploads\/image-1-768x527.png 768w, https:\/\/girasolmultimedios.com\/portal\/wp-content\/uploads\/image-1-1536x1054.png 1536w, https:\/\/girasolmultimedios.com\/portal\/wp-content\/uploads\/image-1.png 1748w\" sizes=\"auto, (max-width: 1024px) 100vw, 1024px\" \/><figcaption class=\"wp-element-caption\">El alcalde de San Pedro Sula, Roberto Contreras y su yerno Steve Fajardo. <\/figcaption><\/figure>\n\n\n\n<p>Adem\u00e1s, ha dicho que pese a los ataques perpetrados en su contra no lo har\u00e1n renunciar a la alcald\u00eda sampedrana. \u201cSi creen que con esto renunciar\u00e9 para que establezcan una alcald\u00eda comunista en la costa norte, est\u00e1n equivocados y lucharemos d\u00eda y noche por ganar las elecciones y que Nasralla sea el pr\u00f3ximo presidente\u201d, dijo. <\/p>\n\n\n\n<p>\u201cHe venido a defender a mi hijo, quer\u00edan llev\u00e1rselo, esta casa es nuestra, tenemos 3 casas aqu\u00ed para mis hijos, ahorramos para dejarles estas casas y ahora vienen a atacar a mi familia, est\u00e1n allanando las casas y si creen que con esto me quebraran, est\u00e1n equivocados, eso es un ataque a mi familia, a San Pedro Sula y a la democracia\u201d, se\u00f1al\u00f3. <\/p>\n\n\n\n<h2 class=\"wp-block-heading\">MP niega que exista persecuci\u00f3n pol\u00edtica <\/h2>\n\n\n\n<p>El director de comunicaciones del MP, Yuri Mora, en una conferencia de prensa en horas de la tarde de este martes (23.09.2025), ha afirmado que las acusaciones hechas tienen pruebas delictivas, y ha rechazado que el requerimiento se trate de una persecuci\u00f3n pol\u00edtica. <br><br>Mora detall\u00f3 que entre las irregularidades detectadas se encuentran la adjudicaci\u00f3n de contratos sin cumplir con los procedimientos legales, el fraccionamiento de proyectos para evadir licitaciones y el pago de fondos sin que existieran informes de avance o evidencia de ejecuci\u00f3n de las obras. <strong>(CG). <\/strong><\/p>\n\n\n\n<figure class=\"wp-block-embed is-type-rich is-provider-twitter wp-block-embed-twitter\"><div class=\"wp-block-embed__wrapper\">\n<blockquote class=\"twitter-tweet\" data-width=\"550\" data-dnt=\"true\"><p lang=\"es\" dir=\"ltr\">De acuerdo a las investigaciones as\u00ed era como se triangulaba el dinero para cometer el delito de lavado de activos con fondos de la municipalidad de San Pedro Sula. <a href=\"https:\/\/t.co\/YD1gmYAKmY\">pic.twitter.com\/YD1gmYAKmY<\/a><\/p>&mdash; Ministerio P\u00fablico (@MP_Honduras) <a href=\"https:\/\/twitter.com\/MP_Honduras\/status\/1970567822850871408?ref_src=twsrc%5Etfw\">September 23, 2025<\/a><\/blockquote><script async src=\"https:\/\/platform.twitter.com\/widgets.js\" charset=\"utf-8\"><\/script>\n<\/div><\/figure>\n","protected":false},"excerpt":{"rendered":"<p>El Ministerio P\u00fablico mediante la Unidad Nacional de Apoyo Fiscal (UNAF) present\u00f3 en horas de la ma\u00f1ana un requerimiento fiscal contra funcionarios, exfuncionarios y particulares vinculados a la Alcald\u00eda Municipal de San Pedro Sula. El ente fiscal se\u00f1al\u00f3 que los involucrados en el caso \u00abfraccionaron contratos, incumplieron obras y lavaron activos con fondos municipales\u00bb. Seg\u00fan [&hellip;]<\/p>\n","protected":false},"author":2,"featured_media":593,"comment_status":"closed","ping_status":"open","sticky":false,"template":"","format":"standard","meta":{"_seopress_robots_primary_cat":"","_seopress_titles_title":"","_seopress_titles_desc":"","_seopress_robots_index":"","footnotes":""},"categories":[23],"tags":[107,106,104,103,105],"class_list":["post-589","post","type-post","status-publish","format-standard","has-post-thumbnail","hentry","category-nacionales","tag-fraude","tag-mp","tag-roberto-contreras","tag-sps","tag-steve-fajardo"],"_links":{"self":[{"href":"https:\/\/girasolmultimedios.com\/portal\/wp-json\/wp\/v2\/posts\/589","targetHints":{"allow":["GET"]}}],"collection":[{"href":"https:\/\/girasolmultimedios.com\/portal\/wp-json\/wp\/v2\/posts"}],"about":[{"href":"https:\/\/girasolmultimedios.com\/portal\/wp-json\/wp\/v2\/types\/post"}],"author":[{"embeddable":true,"href":"https:\/\/girasolmultimedios.com\/portal\/wp-json\/wp\/v2\/users\/2"}],"replies":[{"embeddable":true,"href":"https:\/\/girasolmultimedios.com\/portal\/wp-json\/wp\/v2\/comments?post=589"}],"version-history":[{"count":1,"href":"https:\/\/girasolmultimedios.com\/portal\/wp-json\/wp\/v2\/posts\/589\/revisions"}],"predecessor-version":[{"id":594,"href":"https:\/\/girasolmultimedios.com\/portal\/wp-json\/wp\/v2\/posts\/589\/revisions\/594"}],"wp:featuredmedia":[{"embeddable":true,"href":"https:\/\/girasolmultimedios.com\/portal\/wp-json\/wp\/v2\/media\/593"}],"wp:attachment":[{"href":"https:\/\/girasolmultimedios.com\/portal\/wp-json\/wp\/v2\/media?parent=589"}],"wp:term":[{"taxonomy":"category","embeddable":true,"href":"https:\/\/girasolmultimedios.com\/portal\/wp-json\/wp\/v2\/categories?post=589"},{"taxonomy":"post_tag","embeddable":true,"href":"https:\/\/girasolmultimedios.com\/portal\/wp-json\/wp\/v2\/tags?post=589"}],"curies":[{"name":"wp","href":"https:\/\/api.w.org\/{rel}","templated":true}]}}