{"id":590,"date":"2025-09-23T15:16:05","date_gmt":"2025-09-23T21:16:05","guid":{"rendered":"https:\/\/girasolmultimedios.com\/portal\/?p=590"},"modified":"2025-09-23T15:34:42","modified_gmt":"2025-09-23T21:34:42","slug":"trump-dijo-que-ucrania-puede-recuperar-todo-el-territorio-ocupado-por-rusia-putin-esta-en-problemas","status":"publish","type":"post","link":"https:\/\/girasolmultimedios.com\/portal\/trump-dijo-que-ucrania-puede-recuperar-todo-el-territorio-ocupado-por-rusia-putin-esta-en-problemas\/","title":{"rendered":"Trump dijo que Ucrania puede recuperar todo el territorio ocupado por Rusia: \u201cPutin est\u00e1 en problemas\u201d"},"content":{"rendered":"\n<h2 class=\"wp-block-heading\"><\/h2>\n\n\n\n<p>El presidente de Estados Unidos,&nbsp;<strong>Donald Trump<\/strong>, asegur\u00f3 que Ucrania est\u00e1 en condiciones de<strong>&nbsp;recuperar todo el terreno que perdi\u00f3 a manos de Rusia<\/strong>&nbsp;tras la invasi\u00f3n de Vladimir Putin, y asegur\u00f3 que Mosc\u00fa parece un \u201ctigre de papel\u201d tras m\u00e1s de tres a\u00f1os de guerra.<\/p>\n\n\n\n<p>\u201cTras conocer y comprender plenamente la situaci\u00f3n militar y econ\u00f3mica entre Ucrania y Rusia, y tras observar los problemas econ\u00f3micos que est\u00e1 causando a Rusia, creo que Ucrania, con el apoyo de la Uni\u00f3n Europea,<strong>&nbsp;est\u00e1 en condiciones de luchar y recuperar toda Ucrania a su estado original<\/strong>\u201d, asegur\u00f3 el estadounidense.<\/p>\n\n\n\n<p>\u201cCon tiempo, paciencia y el apoyo financiero de Europa, y en particular de la OTAN, las fronteras originales desde donde comenz\u00f3 esta guerra son una opci\u00f3n viable. \u00bfPor qu\u00e9 no? Rusia lleva tres a\u00f1os y medio&nbsp;<strong>luchando sin rumbo en una guerra que una aut\u00e9ntica potencia militar deber\u00eda haber ganado en menos de una semana<\/strong>\u201c, agreg\u00f3.<\/p>\n\n\n\n<p>Trump adem\u00e1s sostuvo: \u201cEsto no distingue a Rusia. De hecho, los hace parecer un&nbsp;<strong>\u2018tigre de papel\u2019<\/strong>. Cuando los habitantes de Mosc\u00fa y de todas las grandes ciudades, pueblos y distritos de Rusia descubran la verdadera naturaleza de esta guerra, la casi imposibilidad de conseguir gasolina a trav\u00e9s de las largas filas que se forman, y todo lo que ocurre en su econom\u00eda de guerra, donde la mayor parte del dinero se gasta en combatir a Ucrania, que tiene un gran esp\u00edritu y cada vez mejor, Ucrania podr\u00e1 recuperar su pa\u00eds en su forma original y, qui\u00e9n sabe, \u00a1quiz\u00e1s incluso ir m\u00e1s all\u00e1!&nbsp;<strong>Putin y Rusia est\u00e1n en graves problemas econ\u00f3micos, y este es el momento de que Ucrania act\u00fae<\/strong>. En cualquier caso, les deseo lo mejor a ambos pa\u00edses. Seguiremos suministrando armas a la OTAN para que esta haga lo que quiera con ellas. \u00a1Mucha suerte a todos!\u201c, public\u00f3 Trump en redes sociales.<\/p>\n\n\n\n<p>Poco antes de la publicaci\u00f3n de Trump, la presidenta de la Comisi\u00f3n Europea, Ursula von der Leyen, dijo este martes que habl\u00f3 con el presidente de Estados Unidos sobre las \u201cprovocaciones\u201d de Rusia en el espacio a\u00e9reo del bloque y que ambos abogan por cortar los ingresos de Mosc\u00fa.<\/p>\n\n\n\n<figure class=\"wp-block-image size-full is-resized\"><img alt=\"\" loading=\"lazy\" decoding=\"async\" width=\"992\" height=\"711\" src=\"https:\/\/girasolmultimedios.com\/portal\/wp-content\/uploads\/image-2.png\" alt=\"\" class=\"wp-image-595\" style=\"width:559px;height:auto\" srcset=\"https:\/\/girasolmultimedios.com\/portal\/wp-content\/uploads\/image-2.png 992w, https:\/\/girasolmultimedios.com\/portal\/wp-content\/uploads\/image-2-300x215.png 300w, https:\/\/girasolmultimedios.com\/portal\/wp-content\/uploads\/image-2-150x108.png 150w, https:\/\/girasolmultimedios.com\/portal\/wp-content\/uploads\/image-2-768x550.png 768w\" sizes=\"auto, (max-width: 992px) 100vw, 992px\" \/><figcaption class=\"wp-element-caption\">La presidenta de la Comisi\u00f3n Europea, Ursula von der Leyen, se re\u00fane con el presidente de Estados Unidos, Donald Trump, durante la 80.\u00aa Asamblea General de las Naciones Unidas. REUTERS\/Al Drago<br><\/figcaption><\/figure>\n\n\n\n<p>Von der Leyen afirm\u00f3 que durante una reuni\u00f3n al margen de la Asamblea General de la ONU en Nueva York abord\u00f3 con Trump las \u201cprovocaciones\u201d de Rusia, incluidas las habituales&nbsp;<strong>\u201cincursiones regulares en el espacio a\u00e9reo europeo\u201d.<\/strong><\/p>\n\n\n\n<p><strong>\u201cSe trata de intentos claros de poner a prueba nuestra respuesta\u201d<\/strong>, declar\u00f3 en su cuenta de X, en una publicaci\u00f3n en la que calific\u00f3 la conversaci\u00f3n como positiva y dijo que tambi\u00e9n concordaron en \u201cla necesidad de reducir r\u00e1pidamente los ingresos de Rusia procedentes de los combustibles f\u00f3siles\u201d.<\/p>\n\n\n\n<p>M\u00e1s temprano este martes, Trump afirm\u00f3 que los pa\u00edses de la OTAN deber\u00edan derribar aviones rusos que violen su espacio a\u00e9reo.<\/p>\n\n\n\n<figure class=\"wp-block-image size-full is-resized\"><img alt=\"\" loading=\"lazy\" decoding=\"async\" width=\"992\" height=\"661\" src=\"https:\/\/girasolmultimedios.com\/portal\/wp-content\/uploads\/image-3.png\" alt=\"\" class=\"wp-image-596\" style=\"width:657px;height:auto\" srcset=\"https:\/\/girasolmultimedios.com\/portal\/wp-content\/uploads\/image-3.png 992w, https:\/\/girasolmultimedios.com\/portal\/wp-content\/uploads\/image-3-300x200.png 300w, https:\/\/girasolmultimedios.com\/portal\/wp-content\/uploads\/image-3-150x100.png 150w, https:\/\/girasolmultimedios.com\/portal\/wp-content\/uploads\/image-3-768x512.png 768w\" sizes=\"auto, (max-width: 992px) 100vw, 992px\" \/><figcaption class=\"wp-element-caption\">Donald Trump<br><\/figcaption><\/figure>\n\n\n\n<p>Su comentario se produjo en respuesta a una pregunta de un periodista al margen del Debate General de la ONU en Nueva York, donde Trump se reuni\u00f3 con el presidente ucraniano Volodimir Zelensky.<\/p>\n\n\n\n<p>A Trump se le pregunt\u00f3: \u201c\u00bfCree que los pa\u00edses de la OTAN deber\u00edan derribar aviones rusos si entran en su espacio a\u00e9reo?\u201d. \u201cS\u00ed, lo creo\u201d, respondi\u00f3 el presidente estadounidense.<\/p>\n\n\n\n<p>La OTAN advirti\u00f3 a Rusia el martes que utilizar\u00eda \u201ctodas las herramientas militares y no militares necesarias\u201d para repeler amenazas tras varios incidentes en las \u00faltimas semanas en los que aviones o drones rusos entraron en el espacio a\u00e9reo de miembros de la OTAN.<\/p>\n\n\n\n<p>Los aliados de la OTAN se reunieron para consultas en Bruselas despu\u00e9s de que tres aviones de combate rusos entraran en el espacio a\u00e9reo de Estonia la semana pasada y un gran n\u00famero de drones rusos penetraran en el espacio a\u00e9reo de Polonia a principios de mes. Ruman\u00eda tambi\u00e9n registr\u00f3 la entrada de un dron ruso en su espacio a\u00e9reo este mes. El viernes, tres aviones MiG-31 rusos armados sobrevolaron el espacio a\u00e9reo estonio sobre el mar B\u00e1ltico durante m\u00e1s de 10 minutos.<\/p>\n\n\n\n<p>Rusia ha negado las violaciones del espacio a\u00e9reo.<\/p>\n\n\n\n<p>Recientemente, drones tambi\u00e9n sobrevolaron aeropuertos escandinavos, aunque a\u00fan no se ha aclarado su posible conexi\u00f3n con Rusia.<\/p>\n\n\n\n<details class=\"wp-block-details is-layout-flow wp-block-details-is-layout-flow\"><summary>Infobae<\/summary>\n<p><\/p>\n<\/details>\n","protected":false},"excerpt":{"rendered":"<p>El presidente de Estados Unidos,&nbsp;Donald Trump, asegur\u00f3 que Ucrania est\u00e1 en condiciones de&nbsp;recuperar todo el terreno que perdi\u00f3 a manos de Rusia&nbsp;tras la invasi\u00f3n de Vladimir Putin, y asegur\u00f3 que Mosc\u00fa parece un \u201ctigre de papel\u201d tras m\u00e1s de tres a\u00f1os de guerra. \u201cTras conocer y comprender plenamente la situaci\u00f3n militar y econ\u00f3mica entre Ucrania [&hellip;]<\/p>\n","protected":false},"author":2,"featured_media":597,"comment_status":"closed","ping_status":"open","sticky":false,"template":"","format":"standard","meta":{"_seopress_robots_primary_cat":"","_seopress_titles_title":"","_seopress_titles_desc":"","_seopress_robots_index":"","footnotes":""},"categories":[45],"tags":[102,75,110,108,109],"class_list":["post-590","post","type-post","status-publish","format-standard","has-post-thumbnail","hentry","category-internacionales","tag-eeuu","tag-guerra","tag-rusia","tag-trump","tag-ucrania"],"_links":{"self":[{"href":"https:\/\/girasolmultimedios.com\/portal\/wp-json\/wp\/v2\/posts\/590","targetHints":{"allow":["GET"]}}],"collection":[{"href":"https:\/\/girasolmultimedios.com\/portal\/wp-json\/wp\/v2\/posts"}],"about":[{"href":"https:\/\/girasolmultimedios.com\/portal\/wp-json\/wp\/v2\/types\/post"}],"author":[{"embeddable":true,"href":"https:\/\/girasolmultimedios.com\/portal\/wp-json\/wp\/v2\/users\/2"}],"replies":[{"embeddable":true,"href":"https:\/\/girasolmultimedios.com\/portal\/wp-json\/wp\/v2\/comments?post=590"}],"version-history":[{"count":1,"href":"https:\/\/girasolmultimedios.com\/portal\/wp-json\/wp\/v2\/posts\/590\/revisions"}],"predecessor-version":[{"id":598,"href":"https:\/\/girasolmultimedios.com\/portal\/wp-json\/wp\/v2\/posts\/590\/revisions\/598"}],"wp:featuredmedia":[{"embeddable":true,"href":"https:\/\/girasolmultimedios.com\/portal\/wp-json\/wp\/v2\/media\/597"}],"wp:attachment":[{"href":"https:\/\/girasolmultimedios.com\/portal\/wp-json\/wp\/v2\/media?parent=590"}],"wp:term":[{"taxonomy":"category","embeddable":true,"href":"https:\/\/girasolmultimedios.com\/portal\/wp-json\/wp\/v2\/categories?post=590"},{"taxonomy":"post_tag","embeddable":true,"href":"https:\/\/girasolmultimedios.com\/portal\/wp-json\/wp\/v2\/tags?post=590"}],"curies":[{"name":"wp","href":"https:\/\/api.w.org\/{rel}","templated":true}]}}