{"id":603,"date":"2025-09-23T16:32:29","date_gmt":"2025-09-23T22:32:29","guid":{"rendered":"https:\/\/girasolmultimedios.com\/portal\/?p=603"},"modified":"2025-09-25T08:20:07","modified_gmt":"2025-09-25T14:20:07","slug":"la-oei-lanza-en-honduras-una-campana-de-sensibilizacion-sobre-el-cambio-climatico","status":"publish","type":"post","link":"https:\/\/girasolmultimedios.com\/portal\/la-oei-lanza-en-honduras-una-campana-de-sensibilizacion-sobre-el-cambio-climatico\/","title":{"rendered":"La OEI lanza en Honduras una campa\u00f1a de sensibilizaci\u00f3n sobre el cambio clim\u00e1tico"},"content":{"rendered":"\n<p>La Organizaci\u00f3n de Estados Iberoamericanos (OEI) lanz\u00f3 este martes en Honduras una campa\u00f1a que promueve la conciencia ambiental y clim\u00e1tica a trav\u00e9s del arte, la educaci\u00f3n y la cosmovisi\u00f3n de los pueblos originarios y afrodescendientes.<\/p>\n\n\n\n<p>La campa\u00f1a &#8216;Voces del clima y la tierra: Pueblos, Arte y Naturaleza&#8217;, integra educaci\u00f3n, cultura y saberes ancestrales para sensibilizar sobre el cambio clim\u00e1tico, y est\u00e1 enmarcada en la pr\u00f3xima cumbre clim\u00e1tica de la ONU (COP30).<\/p>\n\n\n\n<p>La directora de la OEI en Honduras, Carmen Largaespada, dijo a EFE que la iniciativa pretende tambi\u00e9n visibilizar las conexiones entre las culturas ancestrales y las expresiones art\u00edsticas de los pueblos ind\u00edgenas con la preservaci\u00f3n de la tierra y el medio ambiente.<\/p>\n\n\n\n<p>\u00abHonduras es uno de los pa\u00edses m\u00e1s vulnerables clim\u00e1ticamente, entonces es muy importante recuperar todos estos esfuerzos y estas muestras de conexi\u00f3n con el medio ambiente, de compromiso con la belleza y con las necesidades del paisaje en el que vivimos\u00bb, subray\u00f3 Largaespada.<\/p>\n\n\n\n<p>Educaci\u00f3n y Cultura, claves frente a crisis clim\u00e1tica<\/p>\n\n\n\n<p>La directora de la OEI a\u00f1adi\u00f3 que la educaci\u00f3n y la cultura todav\u00eda pueden avanzar mucho en este campo, y que el mensaje sobre el cambio clim\u00e1tico, aunque a menudo \u201ces duro\u201d y conlleva \u201cmuchas p\u00e9rdidas\u201d por la vulnerabilidad que genera, debe ir acompa\u00f1ado de \u201clas dimensiones de esperanza que nos ofrecen el arte y la cultura\u201d.<\/p>\n\n\n\n<p>Destac\u00f3 adem\u00e1s que la educaci\u00f3n es fundamental frente a la crisis clim\u00e1tica, y que trabajar con ni\u00f1os y j\u00f3venes permite ir formando una nueva mentalidad en relaci\u00f3n con el medioambiente.<\/p>\n\n\n\n<p>Sobre la COP30, que se celebrar\u00e1 entre el 10 y el 21 de noviembre en la Amazon\u00eda, Largaespada expres\u00f3 su expectativa de que se adopten \u201cacciones m\u00e1s contundentes\u201d para enfrentar el cambio clim\u00e1tico.<\/p>\n\n\n\n<p>Se\u00f1al\u00f3 que en Honduras \u201cla actividad econ\u00f3mica de, por lo menos, la mitad de la poblaci\u00f3n depende de la tierra\u201d y que la ubicaci\u00f3n geogr\u00e1fica del pa\u00eds lo expone a huracanes, sequ\u00edas y otros desastres, lo que incrementa sus niveles de vulnerabilidad.<\/p>\n\n\n\n<p>Largaespada enfatiz\u00f3 que cualquier acci\u00f3n, por peque\u00f1a que parezca, que pueda impulsarse desde la educaci\u00f3n representa un aporte valioso para mejorar el medio ambiente, y recalc\u00f3 la importancia de asumir una responsabilidad compartida.<\/p>\n\n\n\n<h2 class=\"wp-block-heading\">Acciones concretas para cuidar el planeta<\/h2>\n\n\n\n<p>Por su parte, Edilberto Borjas, presidente del Consejo Cultural del municipio de Cantarranas \u2014a unos 30 kil\u00f3metros al este de Tegucigalpa\u2014, afirm\u00f3 a EFE que la conciencia que busca despertar la campa\u00f1a \u201ces necesaria\u201d para proteger el planeta y garantizar la continuidad de la vida.<\/p>\n\n\n\n<p>Borjas coincidi\u00f3 en que la iniciativa pretende sensibilizar a la poblaci\u00f3n y fortalecer la responsabilidad colectiva, y agreg\u00f3 que es momento de reflexionar y, sobre todo, de convertir esa reflexi\u00f3n en acciones concretas para cuidar la Tierra.<\/p>\n\n\n\n<p>Adem\u00e1s, subray\u00f3 la relevancia de la educaci\u00f3n junto con los conocimientos ancestrales de los pueblos originarios para comprender la crisis clim\u00e1tica, y asegur\u00f3 que Honduras debe seguir \u201cluchando, clamando, gritando y expresando su sentir\u201d para que los l\u00edderes mundiales adopten medidas \u00abm\u00e1s efectivas\u00bb frente al cambio clim\u00e1tico.<\/p>\n\n\n\n<details class=\"wp-block-details is-layout-flow wp-block-details-is-layout-flow\"><summary>Redacci\u00f3n: EFE<\/summary>\n<p><\/p>\n<\/details>\n","protected":false},"excerpt":{"rendered":"<p>La Organizaci\u00f3n de Estados Iberoamericanos (OEI) lanz\u00f3 este martes en Honduras una campa\u00f1a que promueve la conciencia ambiental y clim\u00e1tica a trav\u00e9s del arte, la educaci\u00f3n y la cosmovisi\u00f3n de los pueblos originarios y afrodescendientes. La campa\u00f1a &#8216;Voces del clima y la tierra: Pueblos, Arte y Naturaleza&#8217;, integra educaci\u00f3n, cultura y saberes ancestrales para sensibilizar [&hellip;]<\/p>\n","protected":false},"author":2,"featured_media":614,"comment_status":"closed","ping_status":"open","sticky":false,"template":"","format":"standard","meta":{"_seopress_robots_primary_cat":"","_seopress_titles_title":"","_seopress_titles_desc":"","_seopress_robots_index":"","footnotes":""},"categories":[32,23],"tags":[],"class_list":["post-603","post","type-post","status-publish","format-standard","has-post-thumbnail","hentry","category-clima","category-nacionales"],"_links":{"self":[{"href":"https:\/\/girasolmultimedios.com\/portal\/wp-json\/wp\/v2\/posts\/603","targetHints":{"allow":["GET"]}}],"collection":[{"href":"https:\/\/girasolmultimedios.com\/portal\/wp-json\/wp\/v2\/posts"}],"about":[{"href":"https:\/\/girasolmultimedios.com\/portal\/wp-json\/wp\/v2\/types\/post"}],"author":[{"embeddable":true,"href":"https:\/\/girasolmultimedios.com\/portal\/wp-json\/wp\/v2\/users\/2"}],"replies":[{"embeddable":true,"href":"https:\/\/girasolmultimedios.com\/portal\/wp-json\/wp\/v2\/comments?post=603"}],"version-history":[{"count":1,"href":"https:\/\/girasolmultimedios.com\/portal\/wp-json\/wp\/v2\/posts\/603\/revisions"}],"predecessor-version":[{"id":615,"href":"https:\/\/girasolmultimedios.com\/portal\/wp-json\/wp\/v2\/posts\/603\/revisions\/615"}],"wp:featuredmedia":[{"embeddable":true,"href":"https:\/\/girasolmultimedios.com\/portal\/wp-json\/wp\/v2\/media\/614"}],"wp:attachment":[{"href":"https:\/\/girasolmultimedios.com\/portal\/wp-json\/wp\/v2\/media?parent=603"}],"wp:term":[{"taxonomy":"category","embeddable":true,"href":"https:\/\/girasolmultimedios.com\/portal\/wp-json\/wp\/v2\/categories?post=603"},{"taxonomy":"post_tag","embeddable":true,"href":"https:\/\/girasolmultimedios.com\/portal\/wp-json\/wp\/v2\/tags?post=603"}],"curies":[{"name":"wp","href":"https:\/\/api.w.org\/{rel}","templated":true}]}}