{"id":621,"date":"2025-09-24T14:38:12","date_gmt":"2025-09-24T20:38:12","guid":{"rendered":"https:\/\/girasolmultimedios.com\/portal\/?p=621"},"modified":"2025-09-24T14:38:13","modified_gmt":"2025-09-24T20:38:13","slug":"dos-hondurenos-son-enviados-a-estados-unidos-para-enfrentar-cargos-por-narcotrafico","status":"publish","type":"post","link":"https:\/\/girasolmultimedios.com\/portal\/dos-hondurenos-son-enviados-a-estados-unidos-para-enfrentar-cargos-por-narcotrafico\/","title":{"rendered":"Dos hondure\u00f1os son enviados a Estados Unidos para enfrentar cargos por narcotr\u00e1fico"},"content":{"rendered":"\n<p>Los hondure\u00f1os&nbsp;<strong>Elvis Adiel Trujillo Guerra y Yeferson Vallecillo Cambar<\/strong>&nbsp;fueron extraditados a Estados Unidos este mi\u00e9rcoles.<\/p>\n\n\n\n<p>Los dos hondure\u00f1os enfrentar\u00e1n juicio en la<strong>&nbsp;Corte de Massachusetts<\/strong>&nbsp;por conspirar en operaciones vinculadas al narcotr\u00e1fico y a un patr\u00f3n de crimen organizado.<\/p>\n\n\n\n<p>En acato a un mandato de la Corte Suprema de Justicia y con apoyo del Instituto Nacional Penitenciario (INP), las autoridades trasladaron a los detenidos hasta el Aeropuerto Internacional de Palmerola, en Comayagua. Desde all\u00ed fueron embarcados en un vuelo de l\u00ednea regular con destino a Estados Unidos, donde enfrentar\u00e1n procesos judiciales.<\/p>\n\n\n\n<p>En diciembre de 2024, las autoridades lograron la captura de Trujillo Guerra en una zona residencial de Choloma, Cort\u00e9s. Ese mismo mes, en el barrio Las Acacias de Dulce Nombre de Culm\u00ed, Olancho, fue arrestado Vallecillo Cambar.<\/p>\n\n\n\n<p><\/p>\n","protected":false},"excerpt":{"rendered":"<p>Los hondure\u00f1os&nbsp;Elvis Adiel Trujillo Guerra y Yeferson Vallecillo Cambar&nbsp;fueron extraditados a Estados Unidos este mi\u00e9rcoles. Los dos hondure\u00f1os enfrentar\u00e1n juicio en la&nbsp;Corte de Massachusetts&nbsp;por conspirar en operaciones vinculadas al narcotr\u00e1fico y a un patr\u00f3n de crimen organizado. En acato a un mandato de la Corte Suprema de Justicia y con apoyo del Instituto Nacional Penitenciario [&hellip;]<\/p>\n","protected":false},"author":2,"featured_media":630,"comment_status":"closed","ping_status":"open","sticky":false,"template":"","format":"standard","meta":{"_seopress_robots_primary_cat":"","_seopress_titles_title":"","_seopress_titles_desc":"","_seopress_robots_index":"","footnotes":""},"categories":[23],"tags":[102,25],"class_list":["post-621","post","type-post","status-publish","format-standard","has-post-thumbnail","hentry","category-nacionales","tag-eeuu","tag-honduras"],"_links":{"self":[{"href":"https:\/\/girasolmultimedios.com\/portal\/wp-json\/wp\/v2\/posts\/621","targetHints":{"allow":["GET"]}}],"collection":[{"href":"https:\/\/girasolmultimedios.com\/portal\/wp-json\/wp\/v2\/posts"}],"about":[{"href":"https:\/\/girasolmultimedios.com\/portal\/wp-json\/wp\/v2\/types\/post"}],"author":[{"embeddable":true,"href":"https:\/\/girasolmultimedios.com\/portal\/wp-json\/wp\/v2\/users\/2"}],"replies":[{"embeddable":true,"href":"https:\/\/girasolmultimedios.com\/portal\/wp-json\/wp\/v2\/comments?post=621"}],"version-history":[{"count":1,"href":"https:\/\/girasolmultimedios.com\/portal\/wp-json\/wp\/v2\/posts\/621\/revisions"}],"predecessor-version":[{"id":632,"href":"https:\/\/girasolmultimedios.com\/portal\/wp-json\/wp\/v2\/posts\/621\/revisions\/632"}],"wp:featuredmedia":[{"embeddable":true,"href":"https:\/\/girasolmultimedios.com\/portal\/wp-json\/wp\/v2\/media\/630"}],"wp:attachment":[{"href":"https:\/\/girasolmultimedios.com\/portal\/wp-json\/wp\/v2\/media?parent=621"}],"wp:term":[{"taxonomy":"category","embeddable":true,"href":"https:\/\/girasolmultimedios.com\/portal\/wp-json\/wp\/v2\/categories?post=621"},{"taxonomy":"post_tag","embeddable":true,"href":"https:\/\/girasolmultimedios.com\/portal\/wp-json\/wp\/v2\/tags?post=621"}],"curies":[{"name":"wp","href":"https:\/\/api.w.org\/{rel}","templated":true}]}}