{"id":623,"date":"2025-09-24T14:39:20","date_gmt":"2025-09-24T20:39:20","guid":{"rendered":"https:\/\/girasolmultimedios.com\/portal\/?p=623"},"modified":"2025-09-24T14:45:23","modified_gmt":"2025-09-24T20:45:23","slug":"suben-a-tres-las-muertes-en-tiroteo-a-un-centro-de-ice-en-texas","status":"publish","type":"post","link":"https:\/\/girasolmultimedios.com\/portal\/suben-a-tres-las-muertes-en-tiroteo-a-un-centro-de-ice-en-texas\/","title":{"rendered":"Suben a tres las muertes en tiroteo a un centro de ICE en Texas"},"content":{"rendered":"\n<p>Un tiroteo en una oficina del Servicio de Inmigraci\u00f3n y Control de Aduanas (ICE) en Dallas (Texas) este mi\u00e9rcoles deja al menos&nbsp;<strong>tres muertos<\/strong>&nbsp;y varios heridos, seg\u00fan informaron las autoridades estadounidenses.<\/p>\n\n\n\n<p>El sospechoso, que falleci\u00f3 a causa de una \u00abherida autoinflingida\u00bb, dispar\u00f3 hacia las instalaciones de<strong>&nbsp;ICE,&nbsp;<\/strong>al noreste de Dallas, desde un edificio aleda\u00f1o, indic\u00f3 Tricia McLaughlin, portavoz del Departamento de Seguridad Nacional (DHS) a la cadena Fox News.<\/p>\n\n\n\n<p>Los fallecidos son \u00abposiblemente\u00bb\u00a0migrantes\u00a0que estaban detenidos en el edificio, a\u00f1adi\u00f3 la portavoz, que especific\u00f3 que ning\u00fan agente de ICE o polic\u00eda local se encuentra entre las v\u00edctimas fatales.<\/p>\n\n\n\n<p>\u00abParece haber sido un\u00a0francotirador\u00bb, indic\u00f3 McLaughlin, pero agreg\u00f3 que la investigaci\u00f3n a\u00fan est\u00e1 pendiente.<\/p>\n\n\n\n<figure class=\"wp-block-image size-large\"><img alt=\"\" loading=\"lazy\" decoding=\"async\" width=\"1024\" height=\"683\" src=\"https:\/\/girasolmultimedios.com\/portal\/wp-content\/uploads\/tres-muertos-ataque-estacion-ice-migracion-dallas-texas-240925-1-1024x683.jpg\" alt=\"\" class=\"wp-image-626\" srcset=\"https:\/\/girasolmultimedios.com\/portal\/wp-content\/uploads\/tres-muertos-ataque-estacion-ice-migracion-dallas-texas-240925-1-1024x683.jpg 1024w, https:\/\/girasolmultimedios.com\/portal\/wp-content\/uploads\/tres-muertos-ataque-estacion-ice-migracion-dallas-texas-240925-1-300x200.jpg 300w, https:\/\/girasolmultimedios.com\/portal\/wp-content\/uploads\/tres-muertos-ataque-estacion-ice-migracion-dallas-texas-240925-1-150x100.jpg 150w, https:\/\/girasolmultimedios.com\/portal\/wp-content\/uploads\/tres-muertos-ataque-estacion-ice-migracion-dallas-texas-240925-1-768x512.jpg 768w, https:\/\/girasolmultimedios.com\/portal\/wp-content\/uploads\/tres-muertos-ataque-estacion-ice-migracion-dallas-texas-240925-1.jpg 1200w\" sizes=\"auto, (max-width: 1024px) 100vw, 1024px\" \/><\/figure>\n\n\n\n<p>La polic\u00eda de Dallas confirm\u00f3 el incidente, asegurando que recibieron una llamada a las 6:40 hora local pidiendo \u00abapoyo\u00bb a un agente y adelant\u00f3 que la investigaci\u00f3n preliminar determin\u00f3 que el sospechoso dispar\u00f3 desde un \u00abedificio gubernamental\u00bb adyacente a las instalaciones de ICE.<\/p>\n\n\n\n<p>A pesar de que las autoridades aseguran que se desconoce por el momento el motivo detr\u00e1s del ataque, varios funcionarios del Gobierno de\u00a0<strong>Donald Trump,\u00a0<\/strong>incluyendo el vicepresidente, JD Vance, lo vincularon de inmediato con la \u00abviolencia\u00bb y las amenazas contra \u00ablas fuerzas del orden\u00bb.<\/p>\n\n\n\n<p>\u00abEl ataque obsesivo contra las fuerzas del orden, en particular contra ICE, debe parar\u00bb, indic\u00f3 el republicano en su plataforma de la cuenta X.<\/p>\n\n\n\n<p>Este es el tercer incidente similar en lo que va del a\u00f1o en&nbsp;<strong>Texas.&nbsp;<\/strong>En julio las autoridades acusaron a 10 personas de participar en un tiroteo frente a un centro de detenci\u00f3n de migrantes en Alvarado, que dej\u00f3 a un polic\u00eda herido y que el Departamento de Justicia consider\u00f3 \u00abataque organizado\u00bb.<\/p>\n\n\n\n<p><\/p>\n","protected":false},"excerpt":{"rendered":"<p>Un tiroteo en una oficina del Servicio de Inmigraci\u00f3n y Control de Aduanas (ICE) en Dallas (Texas) este mi\u00e9rcoles deja al menos&nbsp;tres muertos&nbsp;y varios heridos, seg\u00fan informaron las autoridades estadounidenses. El sospechoso, que falleci\u00f3 a causa de una \u00abherida autoinflingida\u00bb, dispar\u00f3 hacia las instalaciones de&nbsp;ICE,&nbsp;al noreste de Dallas, desde un edificio aleda\u00f1o, indic\u00f3 Tricia McLaughlin, [&hellip;]<\/p>\n","protected":false},"author":2,"featured_media":625,"comment_status":"closed","ping_status":"open","sticky":false,"template":"","format":"standard","meta":{"_seopress_robots_primary_cat":"","_seopress_titles_title":"","_seopress_titles_desc":"","_seopress_robots_index":"","footnotes":""},"categories":[45],"tags":[102],"class_list":["post-623","post","type-post","status-publish","format-standard","has-post-thumbnail","hentry","category-internacionales","tag-eeuu"],"_links":{"self":[{"href":"https:\/\/girasolmultimedios.com\/portal\/wp-json\/wp\/v2\/posts\/623","targetHints":{"allow":["GET"]}}],"collection":[{"href":"https:\/\/girasolmultimedios.com\/portal\/wp-json\/wp\/v2\/posts"}],"about":[{"href":"https:\/\/girasolmultimedios.com\/portal\/wp-json\/wp\/v2\/types\/post"}],"author":[{"embeddable":true,"href":"https:\/\/girasolmultimedios.com\/portal\/wp-json\/wp\/v2\/users\/2"}],"replies":[{"embeddable":true,"href":"https:\/\/girasolmultimedios.com\/portal\/wp-json\/wp\/v2\/comments?post=623"}],"version-history":[{"count":1,"href":"https:\/\/girasolmultimedios.com\/portal\/wp-json\/wp\/v2\/posts\/623\/revisions"}],"predecessor-version":[{"id":635,"href":"https:\/\/girasolmultimedios.com\/portal\/wp-json\/wp\/v2\/posts\/623\/revisions\/635"}],"wp:featuredmedia":[{"embeddable":true,"href":"https:\/\/girasolmultimedios.com\/portal\/wp-json\/wp\/v2\/media\/625"}],"wp:attachment":[{"href":"https:\/\/girasolmultimedios.com\/portal\/wp-json\/wp\/v2\/media?parent=623"}],"wp:term":[{"taxonomy":"category","embeddable":true,"href":"https:\/\/girasolmultimedios.com\/portal\/wp-json\/wp\/v2\/categories?post=623"},{"taxonomy":"post_tag","embeddable":true,"href":"https:\/\/girasolmultimedios.com\/portal\/wp-json\/wp\/v2\/tags?post=623"}],"curies":[{"name":"wp","href":"https:\/\/api.w.org\/{rel}","templated":true}]}}