{"id":627,"date":"2025-09-24T14:38:36","date_gmt":"2025-09-24T20:38:36","guid":{"rendered":"https:\/\/girasolmultimedios.com\/portal\/?p=627"},"modified":"2025-09-24T14:38:37","modified_gmt":"2025-09-24T20:38:37","slug":"la-onu-denuncio-al-menos-16-casos-de-tortura-y-31-desaparecidos-en-nicaragua-durante-la-primera-mitad-de-2025","status":"publish","type":"post","link":"https:\/\/girasolmultimedios.com\/portal\/la-onu-denuncio-al-menos-16-casos-de-tortura-y-31-desaparecidos-en-nicaragua-durante-la-primera-mitad-de-2025\/","title":{"rendered":"La ONU denunci\u00f3 al menos 16 casos de tortura y 31 desaparecidos en Nicaragua durante la primera mitad de 2025"},"content":{"rendered":"\n<h2 class=\"wp-block-heading\"><\/h2>\n\n\n\n<p>Hasta junio de 2025,&nbsp;<strong>al menos 75 personas permanec\u00edan detenidas en Nicaragua por motivos pol\u00edticos<\/strong>, y se documentaron en 12 meses&nbsp;<strong>al menos 16 casos de tortura<\/strong>&nbsp;(incluida violencia sexual) y&nbsp;<strong>31 desapariciones forzadas<\/strong>, seg\u00fan un informe de la Oficina de la ONU para los Derechos Humanos.<\/p>\n\n\n\n<p>De acuerdo con el informe, presentado este martes ante el Consejo de Derechos Humanos de Naciones Unidas y que revisa la situaci\u00f3n de Nicaragua entre junio de 2024 y el mismo mes de 2025, tambi\u00e9n se documentaron&nbsp;<strong>52 casos de denegaci\u00f3n arbitraria de reentrada al pa\u00eds<\/strong>&nbsp;y&nbsp;<strong>156 expulsiones sin recurso legal<\/strong>.<\/p>\n\n\n\n<p>Adem\u00e1s, \u201c<strong>en septiembre de 2024 la Corte Suprema expuls\u00f3 a 135 personas detenidas por motivos pol\u00edticos hacia Guatemala, les revoc\u00f3 la nacionalidad y confisc\u00f3 sus bienes<\/strong>\u201d, indic\u00f3 la directora de la Divisi\u00f3n de Operaciones Globales de la oficina de la ONU,&nbsp;<strong>Maarit Kohonen<\/strong>, al presentar el informe al Consejo.<\/p>\n\n\n\n<p>Tambi\u00e9n se refiri\u00f3 a la&nbsp;<strong>reforma constitucional<\/strong>&nbsp;de enero de 2025, \u201c<strong>con importantes impactos negativos a la situaci\u00f3n de derechos humanos en el pa\u00eds<\/strong>\u201d, tras concentrar el poder en la presidencia e introduciendo sin elecci\u00f3n popular la figura de la copresidencia, que ostentan actualmente&nbsp;<strong>Daniel Ortega<\/strong>&nbsp;y su esposa&nbsp;<strong>Rosario Murillo<\/strong>.<\/p>\n\n\n\n<figure class=\"wp-block-image size-full\"><img alt=\"\" loading=\"lazy\" decoding=\"async\" width=\"992\" height=\"666\" src=\"https:\/\/girasolmultimedios.com\/portal\/wp-content\/uploads\/image-9.png\" alt=\"\" class=\"wp-image-628\" srcset=\"https:\/\/girasolmultimedios.com\/portal\/wp-content\/uploads\/image-9.png 992w, https:\/\/girasolmultimedios.com\/portal\/wp-content\/uploads\/image-9-300x201.png 300w, https:\/\/girasolmultimedios.com\/portal\/wp-content\/uploads\/image-9-150x101.png 150w, https:\/\/girasolmultimedios.com\/portal\/wp-content\/uploads\/image-9-768x516.png 768w\" sizes=\"auto, (max-width: 992px) 100vw, 992px\" \/><figcaption class=\"wp-element-caption\">Los \u00abcopresidentes\u00bb Rosario Murillo y Daniel Ortega (EFE\/Rodrigo Sura\/Archivo)<br><\/figcaption><\/figure>\n\n\n\n<p>Esta reforma \u201c<strong>redujo la separaci\u00f3n de poderes, debilit\u00f3 el pluralismo pol\u00edtico de cara a futuras elecciones<\/strong>\u201d y \u201c<strong>elimina garant\u00edas fundamentales<\/strong>&nbsp;como la prohibici\u00f3n expresa de la tortura, el derecho al debido proceso, o la prohibici\u00f3n de la censura\u201d, indic\u00f3 Kohonen ante el Consejo, del que Nicaragua se retir\u00f3 este mismo a\u00f1o.<\/p>\n\n\n\n<p>La representante de la oficina que dirige el alto comisionado\u00a0<strong>Volker T\u00fcrk<\/strong>\u00a0tambi\u00e9n indic\u00f3 que el asesinato en Costa Rica del mayor retirado del ej\u00e9rcito\u00a0<strong>Roberto Samcam<\/strong>\u00a0en junio \u201crefleja los riesgos que enfrentan los nicarag\u00fcenses en el exilio\u201d.<\/p>\n\n\n\n<p>En los meses estudiados, a\u00f1adi\u00f3, continuaron las cancelaciones de personalidad jur\u00eddica de organizaciones, hasta un total de\u00a0<strong>5.535 cerradas desde 2018<\/strong>, mientras \u201c<strong>la libertad de religi\u00f3n sigue golpeada<\/strong>\u201d, con\u00a0<strong>850 asociaciones religiosas canceladas, siete sacerdotes expulsados, un pastor evang\u00e9lico detenido arbitrariamente y dos laicas en situaci\u00f3n de desaparici\u00f3n forzada<\/strong>.<\/p>\n\n\n\n<figure class=\"wp-block-image size-full\"><img alt=\"\" loading=\"lazy\" decoding=\"async\" width=\"992\" height=\"558\" src=\"https:\/\/girasolmultimedios.com\/portal\/wp-content\/uploads\/image-10.png\" alt=\"\" class=\"wp-image-629\" srcset=\"https:\/\/girasolmultimedios.com\/portal\/wp-content\/uploads\/image-10.png 992w, https:\/\/girasolmultimedios.com\/portal\/wp-content\/uploads\/image-10-300x169.png 300w, https:\/\/girasolmultimedios.com\/portal\/wp-content\/uploads\/image-10-150x84.png 150w, https:\/\/girasolmultimedios.com\/portal\/wp-content\/uploads\/image-10-768x432.png 768w\" sizes=\"auto, (max-width: 992px) 100vw, 992px\" \/><figcaption class=\"wp-element-caption\">La representante de la oficina que dirige el alto comisionado Volker T\u00fcrk indic\u00f3 que el asesinato en Costa Rica del mayor retirado del ej\u00e9rcito Roberto Samcam en junio \u201crefleja los riesgos que enfrentan los nicarag\u00fcenses en el exilio\u201d (Oscar Navarrete)<br><\/figcaption><\/figure>\n\n\n\n<p>Por otro lado,&nbsp;<strong>cuatro l\u00edderes comunitarios fueron asesinados<\/strong>, \u201cpresuntamente por defender sus territorios\u201d, y un l\u00edder ind\u00edgena sigue en paradero desconocido.<\/p>\n\n\n\n<p>\u201cNuestra oficina insta al Gobierno a liberar de inmediato a todas las personas privadas arbitrariamente de su libertad y a esclarecer el paradero de aquellas en situaci\u00f3n de desaparici\u00f3n forzada. Reiteramos nuestro llamado a que se respeten y garanticen los derechos humanos de todas las personas nicarag\u00fcenses, dentro y fuera del pa\u00eds\u201d, concluy\u00f3 Kohonen.<\/p>\n\n\n\n<details class=\"wp-block-details is-layout-flow wp-block-details-is-layout-flow\"><summary>Fuente: <\/summary>\n<p>Infobae\/EFE<\/p>\n<\/details>\n\n\n\n<p><\/p>\n\n\n\n<p><\/p>\n","protected":false},"excerpt":{"rendered":"<p>Hasta junio de 2025,&nbsp;al menos 75 personas permanec\u00edan detenidas en Nicaragua por motivos pol\u00edticos, y se documentaron en 12 meses&nbsp;al menos 16 casos de tortura&nbsp;(incluida violencia sexual) y&nbsp;31 desapariciones forzadas, seg\u00fan un informe de la Oficina de la ONU para los Derechos Humanos. De acuerdo con el informe, presentado este martes ante el Consejo de [&hellip;]<\/p>\n","protected":false},"author":2,"featured_media":633,"comment_status":"closed","ping_status":"open","sticky":false,"template":"","format":"standard","meta":{"_seopress_robots_primary_cat":"","_seopress_titles_title":"","_seopress_titles_desc":"","_seopress_robots_index":"","footnotes":""},"categories":[45],"tags":[124,122,78,123],"class_list":["post-627","post","type-post","status-publish","format-standard","has-post-thumbnail","hentry","category-internacionales","tag-desaparecidos","tag-nicaragua","tag-onu","tag-tortura"],"_links":{"self":[{"href":"https:\/\/girasolmultimedios.com\/portal\/wp-json\/wp\/v2\/posts\/627","targetHints":{"allow":["GET"]}}],"collection":[{"href":"https:\/\/girasolmultimedios.com\/portal\/wp-json\/wp\/v2\/posts"}],"about":[{"href":"https:\/\/girasolmultimedios.com\/portal\/wp-json\/wp\/v2\/types\/post"}],"author":[{"embeddable":true,"href":"https:\/\/girasolmultimedios.com\/portal\/wp-json\/wp\/v2\/users\/2"}],"replies":[{"embeddable":true,"href":"https:\/\/girasolmultimedios.com\/portal\/wp-json\/wp\/v2\/comments?post=627"}],"version-history":[{"count":1,"href":"https:\/\/girasolmultimedios.com\/portal\/wp-json\/wp\/v2\/posts\/627\/revisions"}],"predecessor-version":[{"id":634,"href":"https:\/\/girasolmultimedios.com\/portal\/wp-json\/wp\/v2\/posts\/627\/revisions\/634"}],"wp:featuredmedia":[{"embeddable":true,"href":"https:\/\/girasolmultimedios.com\/portal\/wp-json\/wp\/v2\/media\/633"}],"wp:attachment":[{"href":"https:\/\/girasolmultimedios.com\/portal\/wp-json\/wp\/v2\/media?parent=627"}],"wp:term":[{"taxonomy":"category","embeddable":true,"href":"https:\/\/girasolmultimedios.com\/portal\/wp-json\/wp\/v2\/categories?post=627"},{"taxonomy":"post_tag","embeddable":true,"href":"https:\/\/girasolmultimedios.com\/portal\/wp-json\/wp\/v2\/tags?post=627"}],"curies":[{"name":"wp","href":"https:\/\/api.w.org\/{rel}","templated":true}]}}