{"id":638,"date":"2025-09-24T15:05:45","date_gmt":"2025-09-24T21:05:45","guid":{"rendered":"https:\/\/girasolmultimedios.com\/portal\/?p=638"},"modified":"2025-09-24T15:05:46","modified_gmt":"2025-09-24T21:05:46","slug":"jose-cardona-niega-participacion-o-conocimiento-en-desvio-de-fondos","status":"publish","type":"post","link":"https:\/\/girasolmultimedios.com\/portal\/jose-cardona-niega-participacion-o-conocimiento-en-desvio-de-fondos\/","title":{"rendered":"Jos\u00e9 Cardona niega participaci\u00f3n o conocimiento en desv\u00edo de fondos"},"content":{"rendered":"\n<p>El exministro de la Secretar\u00eda de Desarrollo Social (Sedesol), Jos\u00e9 Carlos Cardona Erazo, rechaz\u00f3 haber estado al tanto o haber intervenido de manera directa en la administraci\u00f3n de los recursos destinados a ayudas sociales, relacionados con la diputada Isis Cu\u00e9llar, quien ha sido se\u00f1alada por el Tribunal Superior de Cuentas (TSC).<\/p>\n\n\n\n<figure class=\"wp-block-image size-large\"><img alt=\"\" loading=\"lazy\" decoding=\"async\" width=\"1024\" height=\"768\" src=\"https:\/\/girasolmultimedios.com\/portal\/wp-content\/uploads\/presentan-querella-contra-jose-carlo_11204604_20250627143900-1024x768.jpg\" alt=\"\" class=\"wp-image-647\" srcset=\"https:\/\/girasolmultimedios.com\/portal\/wp-content\/uploads\/presentan-querella-contra-jose-carlo_11204604_20250627143900-1024x768.jpg 1024w, https:\/\/girasolmultimedios.com\/portal\/wp-content\/uploads\/presentan-querella-contra-jose-carlo_11204604_20250627143900-300x225.jpg 300w, https:\/\/girasolmultimedios.com\/portal\/wp-content\/uploads\/presentan-querella-contra-jose-carlo_11204604_20250627143900-150x113.jpg 150w, https:\/\/girasolmultimedios.com\/portal\/wp-content\/uploads\/presentan-querella-contra-jose-carlo_11204604_20250627143900-768x576.jpg 768w, https:\/\/girasolmultimedios.com\/portal\/wp-content\/uploads\/presentan-querella-contra-jose-carlo_11204604_20250627143900.jpg 1260w\" sizes=\"auto, (max-width: 1024px) 100vw, 1024px\" \/><\/figure>\n\n\n\n<p>A trav\u00e9s de un oficio enviado el 27 de agosto de 2025 al equipo auditor del TSC, Cardona dio respuesta a 16 interrogantes vinculadas con la ejecuci\u00f3n del Fondo de Administraci\u00f3n Solidaria (FAS) del Congreso Nacional en el departamento de Cop\u00e1n.<\/p>\n\n\n\n<p>En m\u00faltiples ocasiones, el exministro enfatiz\u00f3 que la gesti\u00f3n, supervisi\u00f3n y rendici\u00f3n de cuentas de dichas solicitudes eran responsabilidad exclusiva del Comit\u00e9 T\u00e9cnico Interno del FAS, y no de su despacho en la Secretar\u00eda.<\/p>\n\n\n\n<p>Las manifestaciones de Cardona forman parte del informe del TSC, divulgado el martes a la prensa, aunque hab\u00eda sido enviado al Ministerio P\u00fablico dos semanas antes.<\/p>\n\n\n\n<p>En sus declaraciones, Cardona reiter\u00f3 que Sedesol operaba bajo restricciones financieras que imped\u00edan realizar supervisiones directas en terreno, particularmente en el departamento de Cop\u00e1n. \u201cNo se efectuaron verificaciones ni controles\u2026 la Sedesol es una secretar\u00eda de gran tama\u00f1o con un presupuesto muy limitado, casi siempre en d\u00e9ficit\u201d, puntualiz\u00f3.<\/p>\n\n\n\n<p>Respecto a la selecci\u00f3n de beneficiarios, Cardona subray\u00f3 que esta era una atribuci\u00f3n exclusiva de los congresistas, mientras que la revisi\u00f3n y evaluaci\u00f3n de las solicitudes correspond\u00eda al Comit\u00e9 T\u00e9cnico Interno del FAS.<\/p>\n\n\n\n<p><\/p>\n","protected":false},"excerpt":{"rendered":"<p>El exministro de la Secretar\u00eda de Desarrollo Social (Sedesol), Jos\u00e9 Carlos Cardona Erazo, rechaz\u00f3 haber estado al tanto o haber intervenido de manera directa en la administraci\u00f3n de los recursos destinados a ayudas sociales, relacionados con la diputada Isis Cu\u00e9llar, quien ha sido se\u00f1alada por el Tribunal Superior de Cuentas (TSC). A trav\u00e9s de un [&hellip;]<\/p>\n","protected":false},"author":2,"featured_media":646,"comment_status":"closed","ping_status":"open","sticky":false,"template":"","format":"standard","meta":{"_seopress_robots_primary_cat":"","_seopress_titles_title":"","_seopress_titles_desc":"","_seopress_robots_index":"","footnotes":""},"categories":[23],"tags":[128,25,127,126],"class_list":["post-638","post","type-post","status-publish","format-standard","has-post-thumbnail","hentry","category-nacionales","tag-fas","tag-honduras","tag-sedesol","tag-tsc"],"_links":{"self":[{"href":"https:\/\/girasolmultimedios.com\/portal\/wp-json\/wp\/v2\/posts\/638","targetHints":{"allow":["GET"]}}],"collection":[{"href":"https:\/\/girasolmultimedios.com\/portal\/wp-json\/wp\/v2\/posts"}],"about":[{"href":"https:\/\/girasolmultimedios.com\/portal\/wp-json\/wp\/v2\/types\/post"}],"author":[{"embeddable":true,"href":"https:\/\/girasolmultimedios.com\/portal\/wp-json\/wp\/v2\/users\/2"}],"replies":[{"embeddable":true,"href":"https:\/\/girasolmultimedios.com\/portal\/wp-json\/wp\/v2\/comments?post=638"}],"version-history":[{"count":1,"href":"https:\/\/girasolmultimedios.com\/portal\/wp-json\/wp\/v2\/posts\/638\/revisions"}],"predecessor-version":[{"id":651,"href":"https:\/\/girasolmultimedios.com\/portal\/wp-json\/wp\/v2\/posts\/638\/revisions\/651"}],"wp:featuredmedia":[{"embeddable":true,"href":"https:\/\/girasolmultimedios.com\/portal\/wp-json\/wp\/v2\/media\/646"}],"wp:attachment":[{"href":"https:\/\/girasolmultimedios.com\/portal\/wp-json\/wp\/v2\/media?parent=638"}],"wp:term":[{"taxonomy":"category","embeddable":true,"href":"https:\/\/girasolmultimedios.com\/portal\/wp-json\/wp\/v2\/categories?post=638"},{"taxonomy":"post_tag","embeddable":true,"href":"https:\/\/girasolmultimedios.com\/portal\/wp-json\/wp\/v2\/tags?post=638"}],"curies":[{"name":"wp","href":"https:\/\/api.w.org\/{rel}","templated":true}]}}