{"id":650,"date":"2025-09-24T15:30:49","date_gmt":"2025-09-24T21:30:49","guid":{"rendered":"https:\/\/girasolmultimedios.com\/portal\/?p=650"},"modified":"2025-09-24T15:56:05","modified_gmt":"2025-09-24T21:56:05","slug":"danli-contara-con-cursos-vacacionales-en-casa-de-la-cultura","status":"publish","type":"post","link":"https:\/\/girasolmultimedios.com\/portal\/danli-contara-con-cursos-vacacionales-en-casa-de-la-cultura\/","title":{"rendered":"Danl\u00ed contar\u00e1 con cursos vacacionales en Casa de la Cultura"},"content":{"rendered":"\n<p>La Casa de la Cultura en Danl\u00ed, El Para\u00edso, zona oriente de Honduras, aperturar\u00e1 nuevamente los cursos vacacionales. <\/p>\n\n\n\n<p>A partir de este d\u00eda (24.09-2025) que se comenzar\u00e1 con las inscripciones para poder acceder a este tipo de aprendizaje, seg\u00fan lo revelado a Girasol TV por la directora de dicha instituci\u00f3n, la licenciada Lourdes Cruz.<\/p>\n\n\n\n<p>Cruz abri\u00f3 la invitaci\u00f3n a toda la poblaci\u00f3n, en especial a la danlidense, a poder inscribirse en estos cursos previo a la finalizaci\u00f3n del a\u00f1o escolar que ya est\u00e1 cerca de finalizar. <\/p>\n\n\n\n<p><\/p>\n\n\n\n<h2 class=\"wp-block-heading\">Cursos que ofrecen<\/h2>\n\n\n\n<p>La Casa de la Cultura est\u00e1 ofreciendo cursos de m\u00fasica, artes pl\u00e1sticas, danza folkl\u00f3rica, marimba y danza moderna. <\/p>\n\n\n\n<figure class=\"wp-block-image size-large\"><img alt=\"\" loading=\"lazy\" decoding=\"async\" width=\"1024\" height=\"768\" src=\"https:\/\/girasolmultimedios.com\/portal\/wp-content\/uploads\/image-13-1024x768.png\" alt=\"\" class=\"wp-image-664\" srcset=\"https:\/\/girasolmultimedios.com\/portal\/wp-content\/uploads\/image-13-1024x768.png 1024w, https:\/\/girasolmultimedios.com\/portal\/wp-content\/uploads\/image-13-300x225.png 300w, https:\/\/girasolmultimedios.com\/portal\/wp-content\/uploads\/image-13-150x113.png 150w, https:\/\/girasolmultimedios.com\/portal\/wp-content\/uploads\/image-13-768x576.png 768w, https:\/\/girasolmultimedios.com\/portal\/wp-content\/uploads\/image-13-1536x1152.png 1536w, https:\/\/girasolmultimedios.com\/portal\/wp-content\/uploads\/image-13.png 2048w\" sizes=\"auto, (max-width: 1024px) 100vw, 1024px\" \/><figcaption class=\"wp-element-caption\">Curso de Danza Moderna en presentaci\u00f3n navide\u00f1a el 19 de diciembre de 2023 \/ Facebook: Casa de la Cultura Danl\u00ed<\/figcaption><\/figure>\n\n\n\n<p>La directora de la Casa de la Cultura revel\u00f3 en el caso de la danza moderna, se estar\u00edan preparando para las actividades navide\u00f1as, para poder presentar un buen espect\u00e1culo a los danlidenses, tanto en las instalaciones de la instituci\u00f3n, como en la Plaza San Sebasti\u00e1n. <\/p>\n\n\n\n<p>Ser\u00e1 el s\u00e1bado 11 de octubre que dar\u00e1n inicio con todos los cursos, y el mismo tendr\u00e1 una duraci\u00f3n de tres meses, seg\u00fan lo detallado por Cruz. (CG).<\/p>\n","protected":false},"excerpt":{"rendered":"<p>La Casa de la Cultura en Danl\u00ed, El Para\u00edso, zona oriente de Honduras, aperturar\u00e1 nuevamente los cursos vacacionales. A partir de este d\u00eda (24.09-2025) que se comenzar\u00e1 con las inscripciones para poder acceder a este tipo de aprendizaje, seg\u00fan lo revelado a Girasol TV por la directora de dicha instituci\u00f3n, la licenciada Lourdes Cruz. Cruz [&hellip;]<\/p>\n","protected":false},"author":2,"featured_media":663,"comment_status":"closed","ping_status":"open","sticky":false,"template":"","format":"standard","meta":{"_seopress_robots_primary_cat":"","_seopress_titles_title":"","_seopress_titles_desc":"","_seopress_robots_index":"","footnotes":""},"categories":[81,23],"tags":[132,133,131],"class_list":["post-650","post","type-post","status-publish","format-standard","has-post-thumbnail","hentry","category-cultura","category-nacionales","tag-casa-de-la-cultura","tag-cursos","tag-danli"],"_links":{"self":[{"href":"https:\/\/girasolmultimedios.com\/portal\/wp-json\/wp\/v2\/posts\/650","targetHints":{"allow":["GET"]}}],"collection":[{"href":"https:\/\/girasolmultimedios.com\/portal\/wp-json\/wp\/v2\/posts"}],"about":[{"href":"https:\/\/girasolmultimedios.com\/portal\/wp-json\/wp\/v2\/types\/post"}],"author":[{"embeddable":true,"href":"https:\/\/girasolmultimedios.com\/portal\/wp-json\/wp\/v2\/users\/2"}],"replies":[{"embeddable":true,"href":"https:\/\/girasolmultimedios.com\/portal\/wp-json\/wp\/v2\/comments?post=650"}],"version-history":[{"count":2,"href":"https:\/\/girasolmultimedios.com\/portal\/wp-json\/wp\/v2\/posts\/650\/revisions"}],"predecessor-version":[{"id":676,"href":"https:\/\/girasolmultimedios.com\/portal\/wp-json\/wp\/v2\/posts\/650\/revisions\/676"}],"wp:featuredmedia":[{"embeddable":true,"href":"https:\/\/girasolmultimedios.com\/portal\/wp-json\/wp\/v2\/media\/663"}],"wp:attachment":[{"href":"https:\/\/girasolmultimedios.com\/portal\/wp-json\/wp\/v2\/media?parent=650"}],"wp:term":[{"taxonomy":"category","embeddable":true,"href":"https:\/\/girasolmultimedios.com\/portal\/wp-json\/wp\/v2\/categories?post=650"},{"taxonomy":"post_tag","embeddable":true,"href":"https:\/\/girasolmultimedios.com\/portal\/wp-json\/wp\/v2\/tags?post=650"}],"curies":[{"name":"wp","href":"https:\/\/api.w.org\/{rel}","templated":true}]}}