{"id":653,"date":"2025-09-24T15:20:49","date_gmt":"2025-09-24T21:20:49","guid":{"rendered":"https:\/\/girasolmultimedios.com\/portal\/?p=653"},"modified":"2025-09-24T15:20:50","modified_gmt":"2025-09-24T21:20:50","slug":"agentes-de-ice-inspeccionan-albergues-de-chicago-en-busca-de-migrantes","status":"publish","type":"post","link":"https:\/\/girasolmultimedios.com\/portal\/agentes-de-ice-inspeccionan-albergues-de-chicago-en-busca-de-migrantes\/","title":{"rendered":"Agentes de ICE inspeccionan albergues de Chicago en busca de migrantes"},"content":{"rendered":"\n<p>Activistas por los derechos de los inmigrantes, legisladores locales y estatales de Illinois alertaron este mi\u00e9rcoles que ICE ha invadido albergues para personas sin hogar en un nuevo cap\u00edtulo de las redadas en busca de<strong>&nbsp;inmigrantes<\/strong>&nbsp;indocumentados.<\/p>\n\n\n\n<p>La Coalici\u00f3n de Illinois por los Derechos de los Inmigrantes y Refugiados (ICIRR) inform\u00f3 que agentes del Servicio de Inmigraci\u00f3n y Control de Aduanas (ICE, en ingl\u00e9s) detuvieron y liberaron a por lo menos dos personas que se encontraban fuera de un&nbsp;<strong>albergue<\/strong>&nbsp;ubicado en el vecindario de North Park.<\/p>\n\n\n\n<figure class=\"wp-block-image size-large\"><img alt=\"\" loading=\"lazy\" decoding=\"async\" width=\"1024\" height=\"537\" src=\"https:\/\/girasolmultimedios.com\/portal\/wp-content\/uploads\/chicago_12073612_20250924140457-1024x537.jpg\" alt=\"\" class=\"wp-image-659\" srcset=\"https:\/\/girasolmultimedios.com\/portal\/wp-content\/uploads\/chicago_12073612_20250924140457-1024x537.jpg 1024w, https:\/\/girasolmultimedios.com\/portal\/wp-content\/uploads\/chicago_12073612_20250924140457-300x157.jpg 300w, https:\/\/girasolmultimedios.com\/portal\/wp-content\/uploads\/chicago_12073612_20250924140457-150x79.jpg 150w, https:\/\/girasolmultimedios.com\/portal\/wp-content\/uploads\/chicago_12073612_20250924140457-768x403.jpg 768w, https:\/\/girasolmultimedios.com\/portal\/wp-content\/uploads\/chicago_12073612_20250924140457.jpg 1200w\" sizes=\"auto, (max-width: 1024px) 100vw, 1024px\" \/><\/figure>\n\n\n\n<p>El edificio fue un centro de entrenamiento de la reserva del Cuerpo de Marines de EE.UU., pero fue adquirido por la ciudad en 2023 para transformarlo en un albergue para solicitantes de<strong>&nbsp;asilo&nbsp;<\/strong>y ahora asiste a personas sin hogar en Chicago.<\/p>\n\n\n\n<p>Los activistas afirmaron que atacar los albergues es una nueva t\u00e1ctica que\u00a0inmigraci\u00f3n\u00a0est\u00e1 utilizando para arrestar personas sospechosas de no tener papeles en regla.<\/p>\n\n\n\n<p>\u00abEstamos enfrentados a un r\u00e9gimen autoritario que act\u00faa como los supremacistas blancos\u00bb, agreg\u00f3 la concejal Rossana Rodr\u00edguez S\u00e1nchez, del Distrito 33 de\u00a0Chicago donde se encuentra el refugio allanado por los federales.<\/p>\n\n\n\n<p>Las operaciones en Illinois van m\u00e1s all\u00e1 de lo anunciado por el presidente&nbsp;<strong>Donald Trump&nbsp;<\/strong>en su plan de deportaciones masivas, e incluyen arrestos arbitrarios y detenciones sin el debido proceso, se\u00f1alan los activistas.<\/p>\n\n\n\n<p>En una carta dirigida a la secretaria de Seguridad Nacional, Kristi Noem, y divulgada este mi\u00e9rcoles, los legisladores dem\u00f3cratas que representan a Illinois en el Congreso, cuestionan las \u00abt\u00e1cticas de estilo militar\u00bb de los agentes de\u00a0ICE\u00a0y solicitan una respuesta definitiva sobre cu\u00e1ntos arrestos se han realizado desde que las autoridades federales anunciaron el lanzamiento de la &#8216;Operaci\u00f3n Midway Blitz&#8217;, el 8 de septiembre.<\/p>\n\n\n\n<figure class=\"wp-block-image size-full is-resized\"><img alt=\"\" loading=\"lazy\" decoding=\"async\" width=\"408\" height=\"230\" src=\"https:\/\/girasolmultimedios.com\/portal\/wp-content\/uploads\/8728b420-24d4-4f2f-975f-840f570ac973_w408_r1.avif\" alt=\"\" class=\"wp-image-660\" style=\"width:840px;height:auto\" srcset=\"https:\/\/girasolmultimedios.com\/portal\/wp-content\/uploads\/8728b420-24d4-4f2f-975f-840f570ac973_w408_r1.avif 408w, https:\/\/girasolmultimedios.com\/portal\/wp-content\/uploads\/8728b420-24d4-4f2f-975f-840f570ac973_w408_r1-300x169.avif 300w, https:\/\/girasolmultimedios.com\/portal\/wp-content\/uploads\/8728b420-24d4-4f2f-975f-840f570ac973_w408_r1-150x85.avif 150w\" sizes=\"auto, (max-width: 408px) 100vw, 408px\" \/><\/figure>\n\n\n\n<p>\u00abComo hemos visto, el DHS no se est\u00e1 centrando en los &#8216;peores de los peores&#8217;, como se afirma, sino que ha arrestado principalmente a&nbsp;<strong>inmigrantes<\/strong>&nbsp;trabajadores sin antecedentes penales\u00bb, se\u00f1ala.<\/p>\n\n\n\n<p>Los legisladores instan a que el DHS \u00abponga fin a sus peligrosas operaciones en Illinois y brinde a nuestros residentes transparencia sobre estas operaciones\u00bb.<\/p>\n\n\n\n<p>La administraci\u00f3n ha identificado a docenas de inmigrantes que han sido detenidos, junto con algunos arrestados en otros estados. Sin embargo, la magnitud total de la operaci\u00f3n sigue sin estar clara, y los funcionarios federales de inmigraci\u00f3n no han proporcionado un recuento completo de los arrestos.<\/p>\n\n\n\n<p>La carta afirma que a los miembros del Congreso se les ha negado la supervisi\u00f3n de las instalaciones utilizadas por<strong>&nbsp;ICE&nbsp;<\/strong>en sus operaciones, y los legisladores critican el uso de t\u00e1cticas de estilo militar para derribar puertas, \u00abcon poca transparencia sobre el fundamento de dichas redadas\u00bb.<\/p>\n\n\n\n<p>Tambi\u00e9n se indaga sobre arrestos en iglesias, escuelas, centros de salud y negocios, que eran consideraban \u00ablugares sensibles\u00bb y fuera del alcance de los agentes de inmigraci\u00f3n.<\/p>\n\n\n\n<p>\u00abLes instamos a abandonar sus operaciones imprudentes en Illinois, a brindar la transparencia tan necesaria y a colaborar con los l\u00edderes locales en iniciativas que realmente mejoren la seguridad comunitaria\u00bb, escribieron. EFE<\/p>\n","protected":false},"excerpt":{"rendered":"<p>Activistas por los derechos de los inmigrantes, legisladores locales y estatales de Illinois alertaron este mi\u00e9rcoles que ICE ha invadido albergues para personas sin hogar en un nuevo cap\u00edtulo de las redadas en busca de&nbsp;inmigrantes&nbsp;indocumentados. La Coalici\u00f3n de Illinois por los Derechos de los Inmigrantes y Refugiados (ICIRR) inform\u00f3 que agentes del Servicio de Inmigraci\u00f3n [&hellip;]<\/p>\n","protected":false},"author":2,"featured_media":657,"comment_status":"closed","ping_status":"open","sticky":false,"template":"","format":"standard","meta":{"_seopress_robots_primary_cat":"","_seopress_titles_title":"","_seopress_titles_desc":"","_seopress_robots_index":"","footnotes":""},"categories":[45],"tags":[102,129,130,108],"class_list":["post-653","post","type-post","status-publish","format-standard","has-post-thumbnail","hentry","category-internacionales","tag-eeuu","tag-ice","tag-imigrantes","tag-trump"],"_links":{"self":[{"href":"https:\/\/girasolmultimedios.com\/portal\/wp-json\/wp\/v2\/posts\/653","targetHints":{"allow":["GET"]}}],"collection":[{"href":"https:\/\/girasolmultimedios.com\/portal\/wp-json\/wp\/v2\/posts"}],"about":[{"href":"https:\/\/girasolmultimedios.com\/portal\/wp-json\/wp\/v2\/types\/post"}],"author":[{"embeddable":true,"href":"https:\/\/girasolmultimedios.com\/portal\/wp-json\/wp\/v2\/users\/2"}],"replies":[{"embeddable":true,"href":"https:\/\/girasolmultimedios.com\/portal\/wp-json\/wp\/v2\/comments?post=653"}],"version-history":[{"count":1,"href":"https:\/\/girasolmultimedios.com\/portal\/wp-json\/wp\/v2\/posts\/653\/revisions"}],"predecessor-version":[{"id":661,"href":"https:\/\/girasolmultimedios.com\/portal\/wp-json\/wp\/v2\/posts\/653\/revisions\/661"}],"wp:featuredmedia":[{"embeddable":true,"href":"https:\/\/girasolmultimedios.com\/portal\/wp-json\/wp\/v2\/media\/657"}],"wp:attachment":[{"href":"https:\/\/girasolmultimedios.com\/portal\/wp-json\/wp\/v2\/media?parent=653"}],"wp:term":[{"taxonomy":"category","embeddable":true,"href":"https:\/\/girasolmultimedios.com\/portal\/wp-json\/wp\/v2\/categories?post=653"},{"taxonomy":"post_tag","embeddable":true,"href":"https:\/\/girasolmultimedios.com\/portal\/wp-json\/wp\/v2\/tags?post=653"}],"curies":[{"name":"wp","href":"https:\/\/api.w.org\/{rel}","templated":true}]}}