{"id":671,"date":"2025-09-24T15:42:58","date_gmt":"2025-09-24T21:42:58","guid":{"rendered":"https:\/\/girasolmultimedios.com\/portal\/?p=671"},"modified":"2025-09-24T15:42:59","modified_gmt":"2025-09-24T21:42:59","slug":"3-criticas-de-lideres-de-america-latina-a-trump-en-la-onu-y-el-guino-sorpresivo-del-presidente-de-ee-uu-a-lula","status":"publish","type":"post","link":"https:\/\/girasolmultimedios.com\/portal\/3-criticas-de-lideres-de-america-latina-a-trump-en-la-onu-y-el-guino-sorpresivo-del-presidente-de-ee-uu-a-lula\/","title":{"rendered":"3 cr\u00edticas de l\u00edderes de Am\u00e9rica Latina a Trump en la ONU (y el gui\u00f1o sorpresivo del presidente de EE.UU. a Lula)"},"content":{"rendered":"\n<p><strong>Las crecientes divergencias entre\u00a0Estados Unidos y algunos gobiernos de Am\u00e9rica Latina\u00a0quedaron expuestas con una nitidez singular en el mayor foro de la diplomacia mundial.<\/strong><\/p>\n\n\n\n<p>Los presidentes izquierdistas de Brasil, Colombia y Chile dedicaron parte de sus discursos del martes en la Asamblea General de las Naciones Unidas a criticar a su par estadounidense, Donald Trump, aun cuando evitaron nombrarlo.<\/p>\n\n\n\n<p>Trump, que particip\u00f3 en el encuentro anual de l\u00edderes de todo el mundo por primera vez desde su retorno a la Casa Blanca en enero, defendi\u00f3 algunas de sus posturas m\u00e1s pol\u00e9micas en temas globales y dom\u00e9sticos.<\/p>\n\n\n\n<p>El tono de sus mensajes a Am\u00e9rica Latina vari\u00f3 al referirse a aliados suyos.<\/p>\n\n\n\n<p>Por ejemplo, Trump agradeci\u00f3 en la ONU a El Salvador gobernado por Nayib Bukele por \u00abrecibir y encarcelar\u00bb a migrantes deportados por EE.UU. y luego se reuni\u00f3 con Javier Milei, el presidente argentino que enfrenta problemas pol\u00edticos y econ\u00f3micos, para decirle que lo respalda \u00abal 100%\u00bb y que \u00abha hecho un trabajo fant\u00e1stico\u00bb.<\/p>\n\n\n\n<p>Pero, al referirse a otros asuntos, Trump gener\u00f3 respuestas antag\u00f3nicas de l\u00edderes de la regi\u00f3n, aunque lanz\u00f3 una inesperada se\u00f1al de deshielo con el presidente brasile\u00f1o Luiz In\u00e1cio Lula da Silva.<\/p>\n\n\n\n<p>Aqu\u00ed repasamos tres reproches que el mandatario estadounidense recibi\u00f3 de sus hom\u00f3logos latinoamericanos en el primer d\u00eda de sesiones de la 80\u00aa sesi\u00f3n de la Asamblea General de la ONU en Nueva York, que sigue este mi\u00e9rcoles con los discursos de m\u00e1s presidentes:<\/p>\n\n\n\n<h2 class=\"wp-block-heading\" id=\"1-Los-misiles-asesinos-en-el-Caribe\">1. Los \u00abmisiles asesinos\u00bb en el Caribe<\/h2>\n\n\n\n<p>Durante su discurso, Trump defendi\u00f3 los ataques letales que sus militares han lanzado este mes contra barcos en el Caribe que, seg\u00fan afirma, llevan drogas y \u00abnarcoterroristas\u00bb.<\/p>\n\n\n\n<p>\u00abComenzamos a utilizar el poder supremo de las fuerzas armadas de EE.UU. para destruir las redes de tr\u00e1fico de terroristas venezolanos lideradas por Nicol\u00e1s Maduro\u00bb, dijo Trump refiri\u00e9ndose al presidente socialista de Venezuela.<\/p>\n\n\n\n<figure class=\"wp-block-image\"><img decoding=\"async\" src=\"https:\/\/elnacional-uploads.nyc3.digitaloceanspaces.com\/wp-content\/uploads\/2025\/09\/24161135\/image-162.png\" alt=\"3 cr\u00edticas de l\u00edderes de Am\u00e9rica Latina a Trump en la ONU (y el gui\u00f1o sorpresivo del presidente de EE.UU. a Lula)\" class=\"wp-image-2805436\"\/><figcaption class=\"wp-element-caption\">Trump reivindic\u00f3 varias de sus posiciones y decisiones pol\u00e9micas ante la Asamblea General de la ONU. Getty Images<\/figcaption><\/figure>\n\n\n\n<p>Record\u00f3 que design\u00f3 como organizaciones terroristas a varios c\u00e1rteles de drogas latinoamericanas y a bandas como la MS-13 y el Tren de Aragua, que \u00abtorturan, mutilan y asesinan con impunidad: son enemigos de toda la humanidad\u00bb.<\/p>\n\n\n\n<p>Y sostuvo que, tras los ataques militares a algunos barcos con narc\u00f3ticos, \u00abvirtualmente\u00bb se detuvo el ingreso de drogas por mar en EE.UU., pese a que distintos informes indicaban que la mayor\u00eda de la coca\u00edna que entra al pa\u00eds va por el oc\u00e9ano Pac\u00edfico y no por el Caribe.<\/p>\n\n\n\n<p>Al dirigirse m\u00e1s tarde a la Asamblea de la ONU desde el mismo micr\u00f3fono que Trump, el presidente colombiano, Gustavo Petro, dijo que \u00ablos j\u00f3venes asesinados con misiles en el Caribe no eran del Tren de Aragua\u00bb.<\/p>\n\n\n\n<p>\u00abEran caribe\u00f1os, posiblemente colombianos. Y si fueron colombianos, con el perd\u00f3n de quienes dominan las Naciones Unidas, debe abrirse proceso penal contra esos funcionarios que son de los EE.UU., as\u00ed se incluya al funcionario mayor que dio la orden: el presidente Trump, que permiti\u00f3 los disparos de los misiles contra los j\u00f3venes que simplemente quer\u00edan escapar de la pobreza\u00bb, agreg\u00f3.<\/p>\n\n\n\n<figure class=\"wp-block-image\"><img decoding=\"async\" src=\"https:\/\/elnacional-uploads.nyc3.digitaloceanspaces.com\/wp-content\/uploads\/2025\/09\/24161153\/image-163.png\" alt=\"3 cr\u00edticas de l\u00edderes de Am\u00e9rica Latina a Trump en la ONU (y el gui\u00f1o sorpresivo del presidente de EE.UU. a Lula)\" class=\"wp-image-2805437\"\/><figcaption class=\"wp-element-caption\">Los ataques militares ordenados por Trump contra barcos que seg\u00fan \u00e9l cargan drogas generan controversia. Comando Sur de EE.UU.<\/figcaption><\/figure>\n\n\n\n<p>Petro sostuvo que \u00abnecesitan violencia para dominar a Colombia y Am\u00e9rica Latina, necesitan destruir el di\u00e1logo e imponer y lanzar misiles asesinos sobre j\u00f3venes pobres en el Caribe\u00bb.<\/p>\n\n\n\n<p>Lula tambi\u00e9n se refiri\u00f3 al tema en su discurso, que por tradici\u00f3n abri\u00f3 la sesi\u00f3n de la Asamblea de la ONU y antecedi\u00f3 al del presidente anfitri\u00f3n de EE.UU.<\/p>\n\n\n\n<p>\u00abEs preocupante la equiparaci\u00f3n entre criminalidad y terrorismo\u00bb, dijo el brasile\u00f1o. \u00abLa forma m\u00e1s eficaz de combatir el tr\u00e1fico de drogas es la cooperaci\u00f3n para reprimir el lavado de dinero y limitar el comercio de armas\u00bb.<\/p>\n\n\n\n<p>\u00abUsar la fuerza letal en situaciones que no constituyen conflictos armados equivale a ejecutar personas sin juzgamiento\u00bb, advirti\u00f3 Lula.<\/p>\n\n\n\n<h2 class=\"wp-block-heading\" id=\"2-El-cambio-clim\u00e1tico-y-una-mentira\">2. El cambio clim\u00e1tico y \u00abuna mentira\u00bb<\/h2>\n\n\n\n<p>Trump dedic\u00f3 una parte de su discurso de casi una hora a negar el cambio clim\u00e1tico, que defini\u00f3 como \u00abla mayor estafa jam\u00e1s perpetrada en el mundo\u00bb.<\/p>\n\n\n\n<p>El mandatario provoc\u00f3 expresiones de sorpresa entre los asistentes a la Asamblea al afirmar que las predicciones sobre ese fen\u00f3meno hechas por la ONU y otros estaban equivocadas.<\/p>\n\n\n\n<p>\u00abLas hicieron personas est\u00fapidas\u00bb, sostuvo Trump, pese a que la gran mayor\u00eda de los cient\u00edficos y expertos coinciden en que el cambio clim\u00e1tico es real y es causado por los seres humanos.<\/p>\n\n\n\n<p>El presidente chileno, Gabriel Boric, aludi\u00f3 m\u00e1s tarde a la postura de Trump, aunque sin nombrarlo.<\/p>\n\n\n\n<figure class=\"wp-block-image\"><img decoding=\"async\" src=\"https:\/\/elnacional-uploads.nyc3.digitaloceanspaces.com\/wp-content\/uploads\/2025\/09\/24161211\/image-164.png\" alt=\"3 cr\u00edticas de l\u00edderes de Am\u00e9rica Latina a Trump en la ONU (y el gui\u00f1o sorpresivo del presidente de EE.UU. a Lula)\" class=\"wp-image-2805438\"\/><figcaption class=\"wp-element-caption\">Boric cuestion\u00f3 indirectamente a Trump por sus dichos sobre el cambio clim\u00e1tico. \u00abLas mentiras debemos combatirlas\u00bb, sostuvo. Getty Images<\/figcaption><\/figure>\n\n\n\n<p>\u00abA la vez que respeto la diversidad de la opini\u00f3n de quien piensa distinto, enfrento la insolencia de quien miente, m\u00e1s a\u00fan cuando aquella persona es consciente de ello\u00bb, dijo Boric.<\/p>\n\n\n\n<p>\u00abPor ejemplo, se ha afirmado en este mismo podio, hoy d\u00eda, que no hay tal cosa como el calentamiento global. Esa no es una opini\u00f3n, es una mentira y las mentiras debemos combatirlas\u00bb, continu\u00f3.<\/p>\n\n\n\n<p>Petro, por su parte, dijo que seg\u00fan la ciencia \u00abquedan 10 a\u00f1os\u00bb para evitar que el cambio clim\u00e1tico alcance un punto sin retorno.<\/p>\n\n\n\n<p>\u00abPero aqu\u00ed no creen en la ciencia, dijo uno. El m\u00e1s poderoso del mundo no cree en la ciencia. Eso se llama irracionalismo. Y de irracionalismo se llen\u00f3 filos\u00f3ficamente Alemania (\u2026) y fue la antesala de Hitler en 1933\u00bb, indic\u00f3 Petro.<\/p>\n\n\n\n<p>\u00abHoy de irracionalismo se est\u00e1 llenando EE.UU.\u00bb, sostuvo.<\/p>\n\n\n\n<h2 class=\"wp-block-heading\" id=\"3-Las-sanciones-arbitrarias-a-Brasil\">3. Las sanciones \u00abarbitrarias\u00bb a Brasil<\/h2>\n\n\n\n<p>Lula tambi\u00e9n pareci\u00f3 aludir cr\u00edticamente a las sanciones que el gobierno de Trump impuso a Brasil para intentar detener un juicio al expresidente Jair Bolsonaro por tentativa de golpe de Estado.<\/p>\n\n\n\n<p>Bolsonaro fue finalmente condenado este mes a 27 a\u00f1os de c\u00e1rcel por el Supremo Tribunal Federal brasile\u00f1o, que lo hall\u00f3 culpable de cinco delitos al intentar desconocer su derrota electoral de 2022 ante Lula.<\/p>\n\n\n\n<p>Trump calific\u00f3 ese juicio su aliado Bolsonaro como una \u00abcaza de brujas\u00bb y, en procura de detenerlo, EE.UU. impuso aranceles de 50% a Brasil y sanciones al juez del Supremo que condujo la causa.<\/p>\n\n\n\n<figure class=\"wp-block-image\"><img alt=\"\" decoding=\"async\" src=\"https:\/\/elnacional-uploads.nyc3.digitaloceanspaces.com\/wp-content\/uploads\/2025\/09\/24161233\/image-165.png\" alt=\"\" class=\"wp-image-2805439\"\/><figcaption class=\"wp-element-caption\">Lula sigui\u00f3 con atenci\u00f3n el discurso de Trump en la Asamblea de la ONU luego de pronunciar el suyo y de cruzarse con \u00e9l tras bambalinas. Getty Images<\/figcaption><\/figure>\n\n\n\n<p>Durante su mensaje a la Asamblea de la ONU, Lula sostuvo que con el juicio a Bolsonaro \u00abBrasil dio un recado a todos los candidatos a aut\u00f3cratas y aquellos que los apoyan: nuestra soberan\u00eda y democracia son innegociables\u00bb.<\/p>\n\n\n\n<p>\u00abNo hay justificativa para las medidas unilaterales y arbitrarias contra nuestras instituciones y nuestra econom\u00eda\u00bb, dijo. \u00abLa agresi\u00f3n contra la independencia del Poder Judicial es inaceptable\u00bb.<\/p>\n\n\n\n<p>Lula a\u00f1adi\u00f3 que \u00abesta injerencia en asuntos internos cuenta con el auxilio de una extrema derecha servil y nost\u00e1lgica de antiguas hegemon\u00edas\u00bb.<\/p>\n\n\n\n<p>Al hablar en seguida despu\u00e9s que Lula, Trump indic\u00f3 que \u00abBrasil se enfrenta ahora a importantes aranceles en respuesta a sus esfuerzos sin precedentes por interferir en los derechos y libertades de nuestros ciudadanos estadounidenses y otros\u00bb.<\/p>\n\n\n\n<p>\u00abLamento mucho decir esto: a Brasil le est\u00e1 yendo mal y seguir\u00e1 y\u00e9ndole mal. Solo puede irles bien cuando trabajan con nosotros\u00bb, afirm\u00f3. \u00abSin nosotros, fracasar\u00e1n, al igual que fracasaron otros\u00bb.<\/p>\n\n\n\n<h2 class=\"wp-block-heading\" id=\"El-gui\u00f1o-a-Lula\">El gui\u00f1o a Lula<\/h2>\n\n\n\n<p>Pese al enfrentamiento que Lula y Trump mantienen desde hace semanas y las diferencias que expresaron en la ONU, el estadounidense dijo en su discurso que ambos tuvieron \u00abuna qu\u00edmica excelente\u00bb al cruzarse tras las bambalinas de la Asamblea.<\/p>\n\n\n\n<p>\u00abYo lo vi a \u00e9l y \u00e9l me vio a m\u00ed. Nos abrazamos\u00bb, relat\u00f3 Trump.<\/p>\n\n\n\n<p>\u00abNo tuvimos mucho tiempo para hablar, unos 20 segundos\u00bb, agreg\u00f3. \u00abPero tuvimos una buena conversaci\u00f3n y acordamos vernos la semana que viene, porque es algo que nos interesa. Pero, en realidad, me pareci\u00f3 un hombre muy agradable. Le ca\u00ed bien. Me cay\u00f3 bien&#8230; Y solo hago negocios con gente que me cae bien\u00bb.<\/p>\n\n\n\n<p>Una fuente del gobierno brasile\u00f1o confirm\u00f3 luego a\u00a0BBC Brasil\u00a0que ambos l\u00edderes se encontraron y dialogaron brevemente, pero a\u00fan faltaba definir los detalles de su pr\u00f3xima conversaci\u00f3n, para la cual ni siquiera hab\u00eda a\u00fan una invitaci\u00f3n formal.<\/p>\n\n\n\n<details class=\"wp-block-details is-layout-flow wp-block-details-is-layout-flow\"><summary>Fuentes: <\/summary>\n<p>BBC Mundo \/ El Nacional<\/p>\n<\/details>\n","protected":false},"excerpt":{"rendered":"<p>Las crecientes divergencias entre\u00a0Estados Unidos y algunos gobiernos de Am\u00e9rica Latina\u00a0quedaron expuestas con una nitidez singular en el mayor foro de la diplomacia mundial. Los presidentes izquierdistas de Brasil, Colombia y Chile dedicaron parte de sus discursos del martes en la Asamblea General de las Naciones Unidas a criticar a su par estadounidense, Donald Trump, [&hellip;]<\/p>\n","protected":false},"author":2,"featured_media":672,"comment_status":"closed","ping_status":"open","sticky":false,"template":"","format":"standard","meta":{"_seopress_robots_primary_cat":"","_seopress_titles_title":"","_seopress_titles_desc":"","_seopress_robots_index":"","footnotes":""},"categories":[45],"tags":[135,134,102,78],"class_list":["post-671","post","type-post","status-publish","format-standard","has-post-thumbnail","hentry","category-internacionales","tag-brasil","tag-colombia","tag-eeuu","tag-onu"],"_links":{"self":[{"href":"https:\/\/girasolmultimedios.com\/portal\/wp-json\/wp\/v2\/posts\/671","targetHints":{"allow":["GET"]}}],"collection":[{"href":"https:\/\/girasolmultimedios.com\/portal\/wp-json\/wp\/v2\/posts"}],"about":[{"href":"https:\/\/girasolmultimedios.com\/portal\/wp-json\/wp\/v2\/types\/post"}],"author":[{"embeddable":true,"href":"https:\/\/girasolmultimedios.com\/portal\/wp-json\/wp\/v2\/users\/2"}],"replies":[{"embeddable":true,"href":"https:\/\/girasolmultimedios.com\/portal\/wp-json\/wp\/v2\/comments?post=671"}],"version-history":[{"count":1,"href":"https:\/\/girasolmultimedios.com\/portal\/wp-json\/wp\/v2\/posts\/671\/revisions"}],"predecessor-version":[{"id":673,"href":"https:\/\/girasolmultimedios.com\/portal\/wp-json\/wp\/v2\/posts\/671\/revisions\/673"}],"wp:featuredmedia":[{"embeddable":true,"href":"https:\/\/girasolmultimedios.com\/portal\/wp-json\/wp\/v2\/media\/672"}],"wp:attachment":[{"href":"https:\/\/girasolmultimedios.com\/portal\/wp-json\/wp\/v2\/media?parent=671"}],"wp:term":[{"taxonomy":"category","embeddable":true,"href":"https:\/\/girasolmultimedios.com\/portal\/wp-json\/wp\/v2\/categories?post=671"},{"taxonomy":"post_tag","embeddable":true,"href":"https:\/\/girasolmultimedios.com\/portal\/wp-json\/wp\/v2\/tags?post=671"}],"curies":[{"name":"wp","href":"https:\/\/api.w.org\/{rel}","templated":true}]}}