{"id":685,"date":"2025-09-25T09:20:40","date_gmt":"2025-09-25T15:20:40","guid":{"rendered":"https:\/\/girasolmultimedios.com\/portal\/?p=685"},"modified":"2025-09-25T09:20:40","modified_gmt":"2025-09-25T15:20:40","slug":"jorge-calix-asume-la-candidatura-a-diputado-luego-de-la-renuncia-de-samuel-garcia","status":"publish","type":"post","link":"https:\/\/girasolmultimedios.com\/portal\/jorge-calix-asume-la-candidatura-a-diputado-luego-de-la-renuncia-de-samuel-garcia\/","title":{"rendered":"Jorge C\u00e1lix asume la candidatura a diputado luego de la renuncia de Samuel Garc\u00eda."},"content":{"rendered":"\n<p><strong>El diputado Samuel Garc\u00eda renunci\u00f3 este mi\u00e9rcoles a su candidatura a la reelecci\u00f3n por Olancho. En su lugar, el Partido Liberal propuso ante el Consejo Nacional Electoral (CNE) a Jorge C\u00e1lix como sustituto.<\/strong><\/p>\n\n\n\n<p>El exconsejero suplente del CNE, Germ\u00e1n Lobo, explic\u00f3 que la propuesta se respalda en el art\u00edculo 115, numeral 10, de la Ley Electoral, que regula las sustituciones en caso de vacantes.<\/p>\n\n\n\n<p>Seg\u00fan Lobo, esta disposici\u00f3n busca cubrir situaciones en las que un candidato no pueda competir en elecciones generales tras haber participado previamente en las primarias de otro partido. Sin embargo, a\u00f1adi\u00f3 que existe una \u201claguna legal\u201d que permite sustituciones dentro de la misma organizaci\u00f3n pol\u00edtica, siempre que el reemplazante haya estado en las internas.<\/p>\n\n\n\n<p>El exfuncionario record\u00f3 adem\u00e1s que en el pasado ya se dieron casos de aspirantes que compitieron en primarias de un partido y luego participaron en las generales con otra instituci\u00f3n pol\u00edtica.<\/p>\n\n\n\n<p><\/p>\n","protected":false},"excerpt":{"rendered":"<p>El diputado Samuel Garc\u00eda renunci\u00f3 este mi\u00e9rcoles a su candidatura a la reelecci\u00f3n por Olancho. En su lugar, el Partido Liberal propuso ante el Consejo Nacional Electoral (CNE) a Jorge C\u00e1lix como sustituto. El exconsejero suplente del CNE, Germ\u00e1n Lobo, explic\u00f3 que la propuesta se respalda en el art\u00edculo 115, numeral 10, de la Ley [&hellip;]<\/p>\n","protected":false},"author":2,"featured_media":686,"comment_status":"closed","ping_status":"open","sticky":false,"template":"","format":"standard","meta":{"_seopress_robots_primary_cat":"","_seopress_titles_title":"","_seopress_titles_desc":"","_seopress_robots_index":"","footnotes":""},"categories":[23,69],"tags":[25,141,142],"class_list":["post-685","post","type-post","status-publish","format-standard","has-post-thumbnail","hentry","category-nacionales","category-politica","tag-honduras","tag-jorge-calix-2","tag-samuel-garcia"],"_links":{"self":[{"href":"https:\/\/girasolmultimedios.com\/portal\/wp-json\/wp\/v2\/posts\/685","targetHints":{"allow":["GET"]}}],"collection":[{"href":"https:\/\/girasolmultimedios.com\/portal\/wp-json\/wp\/v2\/posts"}],"about":[{"href":"https:\/\/girasolmultimedios.com\/portal\/wp-json\/wp\/v2\/types\/post"}],"author":[{"embeddable":true,"href":"https:\/\/girasolmultimedios.com\/portal\/wp-json\/wp\/v2\/users\/2"}],"replies":[{"embeddable":true,"href":"https:\/\/girasolmultimedios.com\/portal\/wp-json\/wp\/v2\/comments?post=685"}],"version-history":[{"count":1,"href":"https:\/\/girasolmultimedios.com\/portal\/wp-json\/wp\/v2\/posts\/685\/revisions"}],"predecessor-version":[{"id":687,"href":"https:\/\/girasolmultimedios.com\/portal\/wp-json\/wp\/v2\/posts\/685\/revisions\/687"}],"wp:featuredmedia":[{"embeddable":true,"href":"https:\/\/girasolmultimedios.com\/portal\/wp-json\/wp\/v2\/media\/686"}],"wp:attachment":[{"href":"https:\/\/girasolmultimedios.com\/portal\/wp-json\/wp\/v2\/media?parent=685"}],"wp:term":[{"taxonomy":"category","embeddable":true,"href":"https:\/\/girasolmultimedios.com\/portal\/wp-json\/wp\/v2\/categories?post=685"},{"taxonomy":"post_tag","embeddable":true,"href":"https:\/\/girasolmultimedios.com\/portal\/wp-json\/wp\/v2\/tags?post=685"}],"curies":[{"name":"wp","href":"https:\/\/api.w.org\/{rel}","templated":true}]}}