{"id":689,"date":"2025-09-25T09:42:51","date_gmt":"2025-09-25T15:42:51","guid":{"rendered":"https:\/\/girasolmultimedios.com\/portal\/?p=689"},"modified":"2025-09-25T09:46:49","modified_gmt":"2025-09-25T15:46:49","slug":"el-presidente-ucraniano-volodimir-zelenski-expreso-su-disposicion-a-abandonar-el-cargo-cuando-termine-el-conflicto","status":"publish","type":"post","link":"https:\/\/girasolmultimedios.com\/portal\/el-presidente-ucraniano-volodimir-zelenski-expreso-su-disposicion-a-abandonar-el-cargo-cuando-termine-el-conflicto\/","title":{"rendered":"El presidente ucraniano, Volod\u00edmir Zelenski, expres\u00f3 su disposici\u00f3n a abandonar el cargo cuando termine el conflicto."},"content":{"rendered":"\n<p>El presidente ucraniano,<strong>&nbsp;Volod\u00edmir Zelenski<\/strong>, ha asegurado en una entrevista en&nbsp;<strong>Axios<\/strong>&nbsp;que est\u00e1 \u00ablisto\u00bb para dejar el cargo una vez acabe la guerra. El mandatario ha declarado que no tiene intenci\u00f3n de gobernar el pa\u00eds en tiempos de paz y se comprometi\u00f3 a pedir al parlamento que convoque elecciones si se alcanza un alto el fuego, seg\u00fan el citado medio.<\/p>\n\n\n\n<p>Por otra parte, la inteligencia militar ucraniana (<strong>GUR<\/strong>) ha informado de que destruy\u00f3 en la noche del mi\u00e9rcoles en una operaci\u00f3n especial en la pen\u00ednsula de&nbsp;<strong>Crimea&nbsp;<\/strong>dos aviones rusos de transporte t\u00e1ctico Ant\u00f3nov An-26, al tiempo que la Fuerza A\u00e9rea ha dado parte del derribo de madrugada de un avi\u00f3n de combate Su-34 en el frente de&nbsp;<strong>Zaporiyia<\/strong>.<\/p>\n\n\n\n<p>Adem\u00e1s, el presidente del Gobierno,&nbsp;<strong>Pedro S\u00e1nchez<\/strong>, se reuni\u00f3 este mi\u00e9rcoles en los m\u00e1rgenes de la Asamblea General de Naciones Unidas con&nbsp;<strong>Volod\u00edmir Zelenski,<\/strong>&nbsp;quien le agradeci\u00f3 el apoyo a&nbsp;<strong>Ucrania<\/strong>&nbsp;\u00abdesde el primer momento, as\u00ed como todos los esfuerzos con el objetivo de lograr una paz real\u00bb.<\/p>\n\n\n\n<p>El presidente ucraniano acus\u00f3 en el encuentro a Rusia de seguir \u00abrechazando las iniciativas de paz\u00bb y de hacer \u00abtodo lo posible por prolongar la guerra\u00bb, mientras el espa\u00f1ol enfatiz\u00f3 en \u00abla importancia de preservar la unidad entre Europa y Estados Unidos y de seguir trabajando en el marco de la Coalici\u00f3n de Voluntarios para que la paz est\u00e9 m\u00e1s cerca\u00bb.<\/p>\n\n\n\n<p>Antes esta cita, Zelenski se hab\u00eda reunido con el\u00a0<strong>rey Felipe VI<\/strong>, al que agradeci\u00f3 el respaldo espa\u00f1ol en el \u00e1mbito humanitario, militar y econ\u00f3mico.<\/p>\n\n\n\n<figure class=\"wp-block-image size-large\"><img alt=\"\" loading=\"lazy\" decoding=\"async\" width=\"1024\" height=\"576\" src=\"https:\/\/girasolmultimedios.com\/portal\/wp-content\/uploads\/rey-felipe-recibio-esta-manana-aeropuerto-madrid-presidente-ucrania-volodimir-zelenski_98-1024x576.webp\" alt=\"\" class=\"wp-image-692\" srcset=\"https:\/\/girasolmultimedios.com\/portal\/wp-content\/uploads\/rey-felipe-recibio-esta-manana-aeropuerto-madrid-presidente-ucrania-volodimir-zelenski_98-1024x576.webp 1024w, https:\/\/girasolmultimedios.com\/portal\/wp-content\/uploads\/rey-felipe-recibio-esta-manana-aeropuerto-madrid-presidente-ucrania-volodimir-zelenski_98-300x169.webp 300w, https:\/\/girasolmultimedios.com\/portal\/wp-content\/uploads\/rey-felipe-recibio-esta-manana-aeropuerto-madrid-presidente-ucrania-volodimir-zelenski_98-150x84.webp 150w, https:\/\/girasolmultimedios.com\/portal\/wp-content\/uploads\/rey-felipe-recibio-esta-manana-aeropuerto-madrid-presidente-ucrania-volodimir-zelenski_98-768x432.webp 768w, https:\/\/girasolmultimedios.com\/portal\/wp-content\/uploads\/rey-felipe-recibio-esta-manana-aeropuerto-madrid-presidente-ucrania-volodimir-zelenski_98-1536x864.webp 1536w, https:\/\/girasolmultimedios.com\/portal\/wp-content\/uploads\/rey-felipe-recibio-esta-manana-aeropuerto-madrid-presidente-ucrania-volodimir-zelenski_98.webp 1900w\" sizes=\"auto, (max-width: 1024px) 100vw, 1024px\" \/><\/figure>\n\n\n\n<p>Asdem\u00e1s, Cazas estadounidenses se apresuraron a identificar e interceptar<strong>&nbsp;cuatro aviones de guerra rusos<\/strong>&nbsp;que volaban cerca de Alaska, inform\u00f3 el jueves el Comando de Defensa Aeroespacial de Norteam\u00e9rica (NORAD, por sus siglas en ingl\u00e9s). Es la<strong><\/strong>tercera vez en aproximadamente un mes<strong><\/strong>y la novena vez este a\u00f1o que NORAD ha reportado un incidente de este tipo que involucra aviones rusos volando cerca de Alaska. Este \u00faltimo incidente ocurri\u00f3 el mi\u00e9rcoles.<\/p>\n","protected":false},"excerpt":{"rendered":"<p>El presidente ucraniano,&nbsp;Volod\u00edmir Zelenski, ha asegurado en una entrevista en&nbsp;Axios&nbsp;que est\u00e1 \u00ablisto\u00bb para dejar el cargo una vez acabe la guerra. El mandatario ha declarado que no tiene intenci\u00f3n de gobernar el pa\u00eds en tiempos de paz y se comprometi\u00f3 a pedir al parlamento que convoque elecciones si se alcanza un alto el fuego, seg\u00fan [&hellip;]<\/p>\n","protected":false},"author":2,"featured_media":691,"comment_status":"closed","ping_status":"open","sticky":false,"template":"","format":"standard","meta":{"_seopress_robots_primary_cat":"","_seopress_titles_title":"","_seopress_titles_desc":"","_seopress_robots_index":"","footnotes":""},"categories":[45],"tags":[149,78,109,148],"class_list":["post-689","post","type-post","status-publish","format-standard","has-post-thumbnail","hentry","category-internacionales","tag-felipe-vi-de-espana","tag-onu","tag-ucrania","tag-volodimir-zelenski"],"_links":{"self":[{"href":"https:\/\/girasolmultimedios.com\/portal\/wp-json\/wp\/v2\/posts\/689","targetHints":{"allow":["GET"]}}],"collection":[{"href":"https:\/\/girasolmultimedios.com\/portal\/wp-json\/wp\/v2\/posts"}],"about":[{"href":"https:\/\/girasolmultimedios.com\/portal\/wp-json\/wp\/v2\/types\/post"}],"author":[{"embeddable":true,"href":"https:\/\/girasolmultimedios.com\/portal\/wp-json\/wp\/v2\/users\/2"}],"replies":[{"embeddable":true,"href":"https:\/\/girasolmultimedios.com\/portal\/wp-json\/wp\/v2\/comments?post=689"}],"version-history":[{"count":1,"href":"https:\/\/girasolmultimedios.com\/portal\/wp-json\/wp\/v2\/posts\/689\/revisions"}],"predecessor-version":[{"id":694,"href":"https:\/\/girasolmultimedios.com\/portal\/wp-json\/wp\/v2\/posts\/689\/revisions\/694"}],"wp:featuredmedia":[{"embeddable":true,"href":"https:\/\/girasolmultimedios.com\/portal\/wp-json\/wp\/v2\/media\/691"}],"wp:attachment":[{"href":"https:\/\/girasolmultimedios.com\/portal\/wp-json\/wp\/v2\/media?parent=689"}],"wp:term":[{"taxonomy":"category","embeddable":true,"href":"https:\/\/girasolmultimedios.com\/portal\/wp-json\/wp\/v2\/categories?post=689"},{"taxonomy":"post_tag","embeddable":true,"href":"https:\/\/girasolmultimedios.com\/portal\/wp-json\/wp\/v2\/tags?post=689"}],"curies":[{"name":"wp","href":"https:\/\/api.w.org\/{rel}","templated":true}]}}