{"id":695,"date":"2025-09-25T09:58:56","date_gmt":"2025-09-25T15:58:56","guid":{"rendered":"https:\/\/girasolmultimedios.com\/portal\/?p=695"},"modified":"2025-09-25T10:01:06","modified_gmt":"2025-09-25T16:01:06","slug":"policias-de-udep-16-reciben-capacitacion-en-derechos-humanos-y-comunicacion-estrategica","status":"publish","type":"post","link":"https:\/\/girasolmultimedios.com\/portal\/policias-de-udep-16-reciben-capacitacion-en-derechos-humanos-y-comunicacion-estrategica\/","title":{"rendered":"Polic\u00edas de UDEP-16 reciben capacitaci\u00f3n en Derechos Humanos y Comunicaci\u00f3n Estrat\u00e9gica"},"content":{"rendered":"\n<p><strong>Santa B\u00e1rbara.<\/strong> Agentes de la Polic\u00eda Nacional, asignados a la Unidad Departamental de Prevenci\u00f3n (UDEP-16), participaron en un seminario especializado sobre <em>Derechos Humanos y Comunicaci\u00f3n Estrat\u00e9gica<\/em>, impartido por t\u00e9cnicos de la Direcci\u00f3n General.<\/p>\n\n\n\n<p>La jornada se desarroll\u00f3 en la Jefatura Departamental y reuni\u00f3 a m\u00e1s de 40 efectivos, quienes recibieron herramientas te\u00f3ricas y pr\u00e1cticas para fortalecer su desempe\u00f1o en la atenci\u00f3n a la ciudadan\u00eda.<\/p>\n\n\n\n<p>El programa incluy\u00f3 m\u00f3dulos sobre el marco legal nacional e internacional de los derechos humanos, t\u00e9cnicas de comunicaci\u00f3n asertiva, gesti\u00f3n de crisis y el rol policial en contextos comunitarios. Adem\u00e1s, se trabaj\u00f3 con casos pr\u00e1cticos que permitieron a los participantes analizar c\u00f3mo sus acciones inciden en la percepci\u00f3n p\u00fablica.<\/p>\n\n\n\n<p>Las autoridades destacaron que este tipo de capacitaciones forman parte del proceso de profesionalizaci\u00f3n continua de la instituci\u00f3n, orientado a consolidar la confianza ciudadana y garantizar un servicio m\u00e1s humano y eficiente.<\/p>\n\n\n\n<p>Los agentes participantes valoraron positivamente la iniciativa y reafirmaron su compromiso con la protecci\u00f3n de los derechos fundamentales y el servicio p\u00fablico.<\/p>\n\n\n\n<p><\/p>\n","protected":false},"excerpt":{"rendered":"<p>Santa B\u00e1rbara. Agentes de la Polic\u00eda Nacional, asignados a la Unidad Departamental de Prevenci\u00f3n (UDEP-16), participaron en un seminario especializado sobre Derechos Humanos y Comunicaci\u00f3n Estrat\u00e9gica, impartido por t\u00e9cnicos de la Direcci\u00f3n General. La jornada se desarroll\u00f3 en la Jefatura Departamental y reuni\u00f3 a m\u00e1s de 40 efectivos, quienes recibieron herramientas te\u00f3ricas y pr\u00e1cticas para [&hellip;]<\/p>\n","protected":false},"author":2,"featured_media":697,"comment_status":"closed","ping_status":"open","sticky":false,"template":"","format":"standard","meta":{"_seopress_robots_primary_cat":"","_seopress_titles_title":"","_seopress_titles_desc":"","_seopress_robots_index":"","footnotes":""},"categories":[23],"tags":[152,151,25,150],"class_list":["post-695","post","type-post","status-publish","format-standard","has-post-thumbnail","hentry","category-nacionales","tag-comunicacion-estrategica","tag-derechos-humanos","tag-honduras","tag-policia-nacional"],"_links":{"self":[{"href":"https:\/\/girasolmultimedios.com\/portal\/wp-json\/wp\/v2\/posts\/695","targetHints":{"allow":["GET"]}}],"collection":[{"href":"https:\/\/girasolmultimedios.com\/portal\/wp-json\/wp\/v2\/posts"}],"about":[{"href":"https:\/\/girasolmultimedios.com\/portal\/wp-json\/wp\/v2\/types\/post"}],"author":[{"embeddable":true,"href":"https:\/\/girasolmultimedios.com\/portal\/wp-json\/wp\/v2\/users\/2"}],"replies":[{"embeddable":true,"href":"https:\/\/girasolmultimedios.com\/portal\/wp-json\/wp\/v2\/comments?post=695"}],"version-history":[{"count":2,"href":"https:\/\/girasolmultimedios.com\/portal\/wp-json\/wp\/v2\/posts\/695\/revisions"}],"predecessor-version":[{"id":700,"href":"https:\/\/girasolmultimedios.com\/portal\/wp-json\/wp\/v2\/posts\/695\/revisions\/700"}],"wp:featuredmedia":[{"embeddable":true,"href":"https:\/\/girasolmultimedios.com\/portal\/wp-json\/wp\/v2\/media\/697"}],"wp:attachment":[{"href":"https:\/\/girasolmultimedios.com\/portal\/wp-json\/wp\/v2\/media?parent=695"}],"wp:term":[{"taxonomy":"category","embeddable":true,"href":"https:\/\/girasolmultimedios.com\/portal\/wp-json\/wp\/v2\/categories?post=695"},{"taxonomy":"post_tag","embeddable":true,"href":"https:\/\/girasolmultimedios.com\/portal\/wp-json\/wp\/v2\/tags?post=695"}],"curies":[{"name":"wp","href":"https:\/\/api.w.org\/{rel}","templated":true}]}}