{"id":712,"date":"2025-09-25T10:30:02","date_gmt":"2025-09-25T16:30:02","guid":{"rendered":"https:\/\/girasolmultimedios.com\/portal\/?p=712"},"modified":"2025-09-25T10:30:02","modified_gmt":"2025-09-25T16:30:02","slug":"vecinos-de-villanueva-cortes-enfrentaran-interrupciones-de-energia-este-jueves","status":"publish","type":"post","link":"https:\/\/girasolmultimedios.com\/portal\/vecinos-de-villanueva-cortes-enfrentaran-interrupciones-de-energia-este-jueves\/","title":{"rendered":"Vecinos de Villanueva, Cort\u00e9s, enfrentar\u00e1n interrupciones de energ\u00eda este jueves"},"content":{"rendered":"\n<p>La Empresa Nacional de Energ\u00eda El\u00e9ctrica (ENEE) anunci\u00f3 que este jueves se llevar\u00e1n a cabo cortes programados de electricidad en varias colonias y aldeas de Villanueva, Cort\u00e9s, como parte de los trabajos de mantenimiento del circuito VNU-L393, vinculado a la subestaci\u00f3n de la zona.<\/p>\n\n\n\n<p>La suspensi\u00f3n del servicio el\u00e9ctrico est\u00e1 prevista desde las 9:00 de la ma\u00f1ana hasta las 3:00 de la tarde, afectando a las siguientes comunidades:<\/p>\n\n\n\n<ul class=\"wp-block-list\">\n<li>Bendici\u00f3n de Dios<\/li>\n\n\n\n<li>Luis Garc\u00eda Bustamante<\/li>\n\n\n\n<li>Los Casta\u00f1os I, II y III etapa<\/li>\n\n\n\n<li>Las Colinas<\/li>\n\n\n\n<li>Nueva Samaritana<\/li>\n\n\n\n<li>Nuevo Renacer<\/li>\n\n\n\n<li>Gran Breta\u00f1a<\/li>\n\n\n\n<li>Santa Eduviges<\/li>\n\n\n\n<li>El Corozal I y II<\/li>\n\n\n\n<li>Brisas del Cal\u00e1n<\/li>\n\n\n\n<li>El Cal\u00e1n<\/li>\n\n\n\n<li>Espa\u00f1a<\/li>\n\n\n\n<li>Aldea El Cal\u00e1n<\/li>\n\n\n\n<li>Aldea El Mara\u00f1\u00f3n<\/li>\n<\/ul>\n\n\n\n<p>Vecinos de estas zonas manifestaron su malestar ante los constantes cortes de energ\u00eda, se\u00f1alando que perjudican sus labores cotidianas, negocios y actividades acad\u00e9micas. Asimismo, instaron a la ENEE a mejorar la planificaci\u00f3n para evitar interrupciones frecuentes.<\/p>\n\n\n\n<p>Como recomendaciones para reducir los efectos de los apagones, se sugiere:<\/p>\n\n\n\n<ul class=\"wp-block-list\">\n<li>Cargar con anticipaci\u00f3n celulares, tablets y computadoras port\u00e1tiles.<\/li>\n\n\n\n<li>Mantener cerrados refrigeradores y congeladores para preservar los alimentos.<\/li>\n\n\n\n<li>Tener disponibles linternas o l\u00e1mparas de emergencia.<\/li>\n\n\n\n<li>Desconectar aparatos el\u00e9ctricos sensibles para evitar da\u00f1os por variaciones de voltaje.<\/li>\n\n\n\n<li>Organizar las actividades que requieran electricidad antes o despu\u00e9s del horario del corte.<\/li>\n<\/ul>\n","protected":false},"excerpt":{"rendered":"<p>La Empresa Nacional de Energ\u00eda El\u00e9ctrica (ENEE) anunci\u00f3 que este jueves se llevar\u00e1n a cabo cortes programados de electricidad en varias colonias y aldeas de Villanueva, Cort\u00e9s, como parte de los trabajos de mantenimiento del circuito VNU-L393, vinculado a la subestaci\u00f3n de la zona. La suspensi\u00f3n del servicio el\u00e9ctrico est\u00e1 prevista desde las 9:00 de [&hellip;]<\/p>\n","protected":false},"author":2,"featured_media":713,"comment_status":"closed","ping_status":"open","sticky":false,"template":"","format":"standard","meta":{"_seopress_robots_primary_cat":"","_seopress_titles_title":"","_seopress_titles_desc":"","_seopress_robots_index":"","footnotes":""},"categories":[23],"tags":[165,164,163],"class_list":["post-712","post","type-post","status-publish","format-standard","has-post-thumbnail","hentry","category-nacionales","tag-cortes","tag-villanueva","tag-zonas-sin-energia-electrica"],"_links":{"self":[{"href":"https:\/\/girasolmultimedios.com\/portal\/wp-json\/wp\/v2\/posts\/712","targetHints":{"allow":["GET"]}}],"collection":[{"href":"https:\/\/girasolmultimedios.com\/portal\/wp-json\/wp\/v2\/posts"}],"about":[{"href":"https:\/\/girasolmultimedios.com\/portal\/wp-json\/wp\/v2\/types\/post"}],"author":[{"embeddable":true,"href":"https:\/\/girasolmultimedios.com\/portal\/wp-json\/wp\/v2\/users\/2"}],"replies":[{"embeddable":true,"href":"https:\/\/girasolmultimedios.com\/portal\/wp-json\/wp\/v2\/comments?post=712"}],"version-history":[{"count":1,"href":"https:\/\/girasolmultimedios.com\/portal\/wp-json\/wp\/v2\/posts\/712\/revisions"}],"predecessor-version":[{"id":715,"href":"https:\/\/girasolmultimedios.com\/portal\/wp-json\/wp\/v2\/posts\/712\/revisions\/715"}],"wp:featuredmedia":[{"embeddable":true,"href":"https:\/\/girasolmultimedios.com\/portal\/wp-json\/wp\/v2\/media\/713"}],"wp:attachment":[{"href":"https:\/\/girasolmultimedios.com\/portal\/wp-json\/wp\/v2\/media?parent=712"}],"wp:term":[{"taxonomy":"category","embeddable":true,"href":"https:\/\/girasolmultimedios.com\/portal\/wp-json\/wp\/v2\/categories?post=712"},{"taxonomy":"post_tag","embeddable":true,"href":"https:\/\/girasolmultimedios.com\/portal\/wp-json\/wp\/v2\/tags?post=712"}],"curies":[{"name":"wp","href":"https:\/\/api.w.org\/{rel}","templated":true}]}}