{"id":714,"date":"2025-09-25T10:39:08","date_gmt":"2025-09-25T16:39:08","guid":{"rendered":"https:\/\/girasolmultimedios.com\/portal\/?p=714"},"modified":"2025-09-25T10:39:08","modified_gmt":"2025-09-25T16:39:08","slug":"fallece-pompeyo-bonilla-exministro-de-seguridad-y-figura-del-partido-nacional","status":"publish","type":"post","link":"https:\/\/girasolmultimedios.com\/portal\/fallece-pompeyo-bonilla-exministro-de-seguridad-y-figura-del-partido-nacional\/","title":{"rendered":"Fallece Pompeyo Bonilla, exministro de Seguridad y figura del Partido Nacional"},"content":{"rendered":"\n<p>La familia del exministro de Seguridad en el gobierno de Porfirio Lobo Sosa, <strong>Pompeyo Bonilla Reyes<\/strong>, confirm\u00f3 su fallecimiento la madrugada de este jueves, aunque no se detallaron las causas de su muerte.<\/p>\n\n\n\n<p>En un comunicado, sus allegados expresaron: <em>\u201cCon profundo dolor, su esposa y familiares comunican que este d\u00eda, en horas de la madrugada, dej\u00f3 de existir quien en vida fuera el capit\u00e1n Pompeyo Bonilla\u201d<\/em>.<\/p>\n\n\n\n<p>Los restos del exfuncionario ser\u00e1n velados en la funeraria <strong>San Miguel Arc\u00e1ngel<\/strong>, en la colonia Alameda de Tegucigalpa, y el sepelio se llevar\u00e1 a cabo en el cementerio <strong>Santa Cruz Memorial<\/strong>, tras una misa de cuerpo presente en la iglesia <strong>La Guadalupe<\/strong>.<\/p>\n\n\n\n<p>Bonilla tuvo una destacada trayectoria dentro del <strong>Partido Nacional<\/strong>, donde se desempe\u00f1\u00f3 como ministro de Seguridad, diputado, jefe de campa\u00f1a del expresidente Rafael Leonardo Callejas y secretario privado del general Oswaldo L\u00f3pez Arellano. Su trayectoria lo consolid\u00f3 como una figura influyente del nacionalismo en las \u00faltimas d\u00e9cadas.<\/p>\n\n\n\n<p>La noticia gener\u00f3 consternaci\u00f3n en las filas nacionalistas, donde dirigentes y simpatizantes expresaron su pesar y destacaron su papel en la vida pol\u00edtica del pa\u00eds, as\u00ed como su servicio en la administraci\u00f3n p\u00fablica.<\/p>\n","protected":false},"excerpt":{"rendered":"<p>La familia del exministro de Seguridad en el gobierno de Porfirio Lobo Sosa, Pompeyo Bonilla Reyes, confirm\u00f3 su fallecimiento la madrugada de este jueves, aunque no se detallaron las causas de su muerte. En un comunicado, sus allegados expresaron: \u201cCon profundo dolor, su esposa y familiares comunican que este d\u00eda, en horas de la madrugada, [&hellip;]<\/p>\n","protected":false},"author":2,"featured_media":719,"comment_status":"closed","ping_status":"open","sticky":false,"template":"","format":"standard","meta":{"_seopress_robots_primary_cat":"","_seopress_titles_title":"","_seopress_titles_desc":"","_seopress_robots_index":"","footnotes":""},"categories":[23],"tags":[25,169,168],"class_list":["post-714","post","type-post","status-publish","format-standard","has-post-thumbnail","hentry","category-nacionales","tag-honduras","tag-partido-nacional","tag-pompeyo-bonilla"],"_links":{"self":[{"href":"https:\/\/girasolmultimedios.com\/portal\/wp-json\/wp\/v2\/posts\/714","targetHints":{"allow":["GET"]}}],"collection":[{"href":"https:\/\/girasolmultimedios.com\/portal\/wp-json\/wp\/v2\/posts"}],"about":[{"href":"https:\/\/girasolmultimedios.com\/portal\/wp-json\/wp\/v2\/types\/post"}],"author":[{"embeddable":true,"href":"https:\/\/girasolmultimedios.com\/portal\/wp-json\/wp\/v2\/users\/2"}],"replies":[{"embeddable":true,"href":"https:\/\/girasolmultimedios.com\/portal\/wp-json\/wp\/v2\/comments?post=714"}],"version-history":[{"count":1,"href":"https:\/\/girasolmultimedios.com\/portal\/wp-json\/wp\/v2\/posts\/714\/revisions"}],"predecessor-version":[{"id":720,"href":"https:\/\/girasolmultimedios.com\/portal\/wp-json\/wp\/v2\/posts\/714\/revisions\/720"}],"wp:featuredmedia":[{"embeddable":true,"href":"https:\/\/girasolmultimedios.com\/portal\/wp-json\/wp\/v2\/media\/719"}],"wp:attachment":[{"href":"https:\/\/girasolmultimedios.com\/portal\/wp-json\/wp\/v2\/media?parent=714"}],"wp:term":[{"taxonomy":"category","embeddable":true,"href":"https:\/\/girasolmultimedios.com\/portal\/wp-json\/wp\/v2\/categories?post=714"},{"taxonomy":"post_tag","embeddable":true,"href":"https:\/\/girasolmultimedios.com\/portal\/wp-json\/wp\/v2\/tags?post=714"}],"curies":[{"name":"wp","href":"https:\/\/api.w.org\/{rel}","templated":true}]}}