{"id":716,"date":"2025-09-25T10:37:03","date_gmt":"2025-09-25T16:37:03","guid":{"rendered":"https:\/\/girasolmultimedios.com\/portal\/?p=716"},"modified":"2025-09-25T10:37:03","modified_gmt":"2025-09-25T16:37:03","slug":"durante-el-feriado-morazanico-mas-de-800-mil-hondurenos-estaran-en-movimiento","status":"publish","type":"post","link":"https:\/\/girasolmultimedios.com\/portal\/durante-el-feriado-morazanico-mas-de-800-mil-hondurenos-estaran-en-movimiento\/","title":{"rendered":"Durante el Feriado Moraz\u00e1nico, m\u00e1s de 800 mil hondure\u00f1os estar\u00e1n en movimiento"},"content":{"rendered":"\n<p>Tegucigalpa. \u2014 El Feriado Moraz\u00e1nico 2025 se perfila como uno de los periodos de mayor movimiento en Honduras, con una proyecci\u00f3n de m\u00e1s de 800 mil viajeros recorriendo el territorio nacional, seg\u00fan estimaciones del Instituto Hondure\u00f1o de Turismo.<\/p>\n\n\n\n<p>Entre los desplazamientos se incluyen turistas locales y compatriotas que regresan del extranjero para compartir con sus familias. Muchos aprovechar\u00e1n el descanso para visitar playas del Caribe, explorar monta\u00f1as con senderos naturales o conocer pueblos coloniales que conservan la historia y cultura hondure\u00f1a.<\/p>\n\n\n\n<p>La masiva movilizaci\u00f3n tambi\u00e9n impactar\u00e1 la econom\u00eda. La Asociaci\u00f3n de Distribuidores de Productos de Petr\u00f3leo prev\u00e9 un incremento del 8% en el consumo de combustibles, mientras que hoteles, restaurantes, transportistas, mercados y gu\u00edas tur\u00edsticos anticipan un aumento significativo en la demanda.<\/p>\n\n\n\n<p>La Direcci\u00f3n de Protecci\u00f3n al Consumidor inst\u00f3 a la poblaci\u00f3n a reportar abusos en precios de transporte, hospedaje o alimentos durante la temporada alta.<\/p>\n\n\n\n<p>La viceministra de Turismo, Reizel Vilorio, destac\u00f3 que \u201ccon playa, monta\u00f1a, cultura y hospitalidad, Honduras se prepara para vivir un feriado lleno de movimiento, color y alegr\u00eda\u201d.<\/p>\n","protected":false},"excerpt":{"rendered":"<p>Tegucigalpa. \u2014 El Feriado Moraz\u00e1nico 2025 se perfila como uno de los periodos de mayor movimiento en Honduras, con una proyecci\u00f3n de m\u00e1s de 800 mil viajeros recorriendo el territorio nacional, seg\u00fan estimaciones del Instituto Hondure\u00f1o de Turismo. Entre los desplazamientos se incluyen turistas locales y compatriotas que regresan del extranjero para compartir con sus [&hellip;]<\/p>\n","protected":false},"author":2,"featured_media":717,"comment_status":"closed","ping_status":"open","sticky":false,"template":"","format":"standard","meta":{"_seopress_robots_primary_cat":"","_seopress_titles_title":"","_seopress_titles_desc":"","_seopress_robots_index":"","footnotes":""},"categories":[32,23],"tags":[166,167],"class_list":["post-716","post","type-post","status-publish","format-standard","has-post-thumbnail","hentry","category-clima","category-nacionales","tag-feriado-morazanico","tag-noticas-nacionales"],"_links":{"self":[{"href":"https:\/\/girasolmultimedios.com\/portal\/wp-json\/wp\/v2\/posts\/716","targetHints":{"allow":["GET"]}}],"collection":[{"href":"https:\/\/girasolmultimedios.com\/portal\/wp-json\/wp\/v2\/posts"}],"about":[{"href":"https:\/\/girasolmultimedios.com\/portal\/wp-json\/wp\/v2\/types\/post"}],"author":[{"embeddable":true,"href":"https:\/\/girasolmultimedios.com\/portal\/wp-json\/wp\/v2\/users\/2"}],"replies":[{"embeddable":true,"href":"https:\/\/girasolmultimedios.com\/portal\/wp-json\/wp\/v2\/comments?post=716"}],"version-history":[{"count":1,"href":"https:\/\/girasolmultimedios.com\/portal\/wp-json\/wp\/v2\/posts\/716\/revisions"}],"predecessor-version":[{"id":718,"href":"https:\/\/girasolmultimedios.com\/portal\/wp-json\/wp\/v2\/posts\/716\/revisions\/718"}],"wp:featuredmedia":[{"embeddable":true,"href":"https:\/\/girasolmultimedios.com\/portal\/wp-json\/wp\/v2\/media\/717"}],"wp:attachment":[{"href":"https:\/\/girasolmultimedios.com\/portal\/wp-json\/wp\/v2\/media?parent=716"}],"wp:term":[{"taxonomy":"category","embeddable":true,"href":"https:\/\/girasolmultimedios.com\/portal\/wp-json\/wp\/v2\/categories?post=716"},{"taxonomy":"post_tag","embeddable":true,"href":"https:\/\/girasolmultimedios.com\/portal\/wp-json\/wp\/v2\/tags?post=716"}],"curies":[{"name":"wp","href":"https:\/\/api.w.org\/{rel}","templated":true}]}}