{"id":721,"date":"2025-09-25T10:46:10","date_gmt":"2025-09-25T16:46:10","guid":{"rendered":"https:\/\/girasolmultimedios.com\/portal\/?p=721"},"modified":"2025-09-25T10:46:10","modified_gmt":"2025-09-25T16:46:10","slug":"isis-cuellar-se-pronuncia-ante-senalamientos-del-tsc-no-es-parte-de-mis-funciones","status":"publish","type":"post","link":"https:\/\/girasolmultimedios.com\/portal\/isis-cuellar-se-pronuncia-ante-senalamientos-del-tsc-no-es-parte-de-mis-funciones\/","title":{"rendered":"Isis Cu\u00e9llar se pronuncia ante se\u00f1alamientos del TSC: \u201cNo es parte de mis funciones\u201d"},"content":{"rendered":"\n<p>La diputada Isis Cu\u00e9llar, representante por Cop\u00e1n, neg\u00f3 tener responsabilidad directa en el manejo irregular de recursos del Fondo de Administraci\u00f3n Solidaria, y afirm\u00f3 que corresponde a sus colaboradores y a la Secretar\u00eda de Desarrollo Social (Sedesol) supervisar y ejecutar dichos fondos.<\/p>\n\n\n\n<p>La declaraci\u00f3n de Cu\u00e9llar surge en respuesta a un informe del Tribunal Superior de Cuentas (TSC) que detect\u00f3 irregularidades como obras no ejecutadas, documentos falsificados y ausencia de controles de supervisi\u00f3n.<\/p>\n\n\n\n<p>El pasado 19 de agosto, el TSC remiti\u00f3 el oficio 056-2025-SEDESOL-DP-TSC solicitando aclaraciones a la diputada. Nueve d\u00edas despu\u00e9s, Cu\u00e9llar respondi\u00f3 que hab\u00eda recibido 65 solicitudes para reparaciones de vivienda y proyectos productivos, las cuales fueron remitidas \u00edntegramente a Sedesol.<\/p>\n\n\n\n<p><strong>Defensa y aclaraciones<\/strong><br>Cu\u00e9llar sostuvo que no realiz\u00f3 evaluaciones previas y que la selecci\u00f3n de beneficiarios correspond\u00eda \u00fanicamente a Sedesol. Reconoci\u00f3 que dos beneficiarias \u2014Ilsy Valeska Baquedano e Iris Paola P\u00e9rez\u2014 forman parte de su equipo, junto a otros colaboradores como Gabriela L\u00f3pez, Eduin Carbajal y Lisbeth Jim\u00e9nez.<\/p>\n\n\n\n<p>Algunos testimonios se\u00f1alan a Baquedano como responsable de recolectar los fondos una vez cobrados los cheques de ayuda social; sin embargo, la diputada descart\u00f3 responsabilidad directa sobre estas acciones.<\/p>\n\n\n\n<p>La legisladora defendi\u00f3 que las ayudas se entregaron a personas en situaci\u00f3n de vulnerabilidad y rechaz\u00f3 la relevancia del parentesco se\u00f1alado por el TSC respecto a beneficiarios vinculados a su entorno. Se\u00f1al\u00f3 que las solicitudes fueron presentadas ante Sedesol y aprobadas por el comit\u00e9 interno del fondo, conforme al reglamento vigente, y reiter\u00f3 que su papel se limit\u00f3 a gestionar las ayudas.<\/p>\n\n\n\n<p>Este caso ha generado un debate sobre la transparencia en el manejo de fondos p\u00fablicos y la definici\u00f3n de responsabilidades entre diputados y organismos ejecutores. Mientras tanto, la investigaci\u00f3n del TSC contin\u00faa, y Cu\u00e9llar mantiene su postura de actuar dentro de sus atribuciones, desvincul\u00e1ndose de irregularidades detectadas.<\/p>\n","protected":false},"excerpt":{"rendered":"<p>La diputada Isis Cu\u00e9llar, representante por Cop\u00e1n, neg\u00f3 tener responsabilidad directa en el manejo irregular de recursos del Fondo de Administraci\u00f3n Solidaria, y afirm\u00f3 que corresponde a sus colaboradores y a la Secretar\u00eda de Desarrollo Social (Sedesol) supervisar y ejecutar dichos fondos. La declaraci\u00f3n de Cu\u00e9llar surge en respuesta a un informe del Tribunal Superior [&hellip;]<\/p>\n","protected":false},"author":2,"featured_media":722,"comment_status":"closed","ping_status":"open","sticky":false,"template":"","format":"standard","meta":{"_seopress_robots_primary_cat":"","_seopress_titles_title":"","_seopress_titles_desc":"","_seopress_robots_index":"","footnotes":""},"categories":[23,69],"tags":[170,126],"class_list":["post-721","post","type-post","status-publish","format-standard","has-post-thumbnail","hentry","category-nacionales","category-politica","tag-diputada-isis-cuellar","tag-tsc"],"_links":{"self":[{"href":"https:\/\/girasolmultimedios.com\/portal\/wp-json\/wp\/v2\/posts\/721","targetHints":{"allow":["GET"]}}],"collection":[{"href":"https:\/\/girasolmultimedios.com\/portal\/wp-json\/wp\/v2\/posts"}],"about":[{"href":"https:\/\/girasolmultimedios.com\/portal\/wp-json\/wp\/v2\/types\/post"}],"author":[{"embeddable":true,"href":"https:\/\/girasolmultimedios.com\/portal\/wp-json\/wp\/v2\/users\/2"}],"replies":[{"embeddable":true,"href":"https:\/\/girasolmultimedios.com\/portal\/wp-json\/wp\/v2\/comments?post=721"}],"version-history":[{"count":1,"href":"https:\/\/girasolmultimedios.com\/portal\/wp-json\/wp\/v2\/posts\/721\/revisions"}],"predecessor-version":[{"id":723,"href":"https:\/\/girasolmultimedios.com\/portal\/wp-json\/wp\/v2\/posts\/721\/revisions\/723"}],"wp:featuredmedia":[{"embeddable":true,"href":"https:\/\/girasolmultimedios.com\/portal\/wp-json\/wp\/v2\/media\/722"}],"wp:attachment":[{"href":"https:\/\/girasolmultimedios.com\/portal\/wp-json\/wp\/v2\/media?parent=721"}],"wp:term":[{"taxonomy":"category","embeddable":true,"href":"https:\/\/girasolmultimedios.com\/portal\/wp-json\/wp\/v2\/categories?post=721"},{"taxonomy":"post_tag","embeddable":true,"href":"https:\/\/girasolmultimedios.com\/portal\/wp-json\/wp\/v2\/tags?post=721"}],"curies":[{"name":"wp","href":"https:\/\/api.w.org\/{rel}","templated":true}]}}