{"id":724,"date":"2025-09-25T10:54:56","date_gmt":"2025-09-25T16:54:56","guid":{"rendered":"https:\/\/girasolmultimedios.com\/portal\/?p=724"},"modified":"2025-09-25T10:54:56","modified_gmt":"2025-09-25T16:54:56","slug":"escalera-averiada-en-la-onu-le-da-a-trump-nuevo-argumento-contra-la-organizacion","status":"publish","type":"post","link":"https:\/\/girasolmultimedios.com\/portal\/escalera-averiada-en-la-onu-le-da-a-trump-nuevo-argumento-contra-la-organizacion\/","title":{"rendered":"Escalera averiada en la ONU le da a Trump nuevo argumento contra la organizaci\u00f3n"},"content":{"rendered":"\n<p><strong>Nueva York, 25 de septiembre de 2025<\/strong> \u2013 La escalera mec\u00e1nica averiada en la sede de la ONU el pasado martes, justo cuando el presidente Donald Trump y su esposa Melania sub\u00edan al piso superior para su intervenci\u00f3n en la 80.\u00aa Asamblea General, se ha convertido en un nuevo blanco de cr\u00edticas del mandatario contra la organizaci\u00f3n.<\/p>\n\n\n\n<p>El incidente, resuelto en minutos, se sum\u00f3 a problemas con el teleprompter y el audio en la sala, lo que Trump calific\u00f3 en su red Truth Social como un \u201ctriple sabotaje\u201d y exigi\u00f3 una investigaci\u00f3n inmediata al secretario general Ant\u00f3nio Guterres. En su mensaje, el presidente asegur\u00f3 que no fue una coincidencia y carg\u00f3 con sarcasmo contra la capacidad de la ONU: \u201cNo uno, no dos, \u00a1sino hasta tres acontecimientos siniestros! (\u2026) No es de extra\u00f1ar que la ONU no haya sido capaz de hacer el trabajo para el que se le puso a existir\u201d.<\/p>\n\n\n\n<p>Desde el inicio de su segundo mandato, Trump ha adoptado una postura cr\u00edtica frente a la ONU, abandonando los Acuerdos de Par\u00eds, la OMS y la UNESCO, reduciendo dr\u00e1sticamente la cooperaci\u00f3n internacional y marginando a la organizaci\u00f3n en su gesti\u00f3n de conflictos globales.<\/p>\n\n\n\n<p>La relaci\u00f3n entre Trump y Guterres ha sido distante; antes de este encuentro, no se hab\u00edan comunicado ni una sola vez durante diez meses. Sin embargo, tras reunirse en los despachos de Guterres, Trump public\u00f3 que apoyaba a la ONU \u201cal 100 %\u201d y reconoci\u00f3 su potencial, aunque sus declaraciones contrastan con los ataques previos, generando dudas sobre si sus palabras fueron sinceras o sarc\u00e1sticas.<\/p>\n","protected":false},"excerpt":{"rendered":"<p>Nueva York, 25 de septiembre de 2025 \u2013 La escalera mec\u00e1nica averiada en la sede de la ONU el pasado martes, justo cuando el presidente Donald Trump y su esposa Melania sub\u00edan al piso superior para su intervenci\u00f3n en la 80.\u00aa Asamblea General, se ha convertido en un nuevo blanco de cr\u00edticas del mandatario contra [&hellip;]<\/p>\n","protected":false},"author":2,"featured_media":725,"comment_status":"closed","ping_status":"open","sticky":false,"template":"","format":"standard","meta":{"_seopress_robots_primary_cat":"","_seopress_titles_title":"","_seopress_titles_desc":"","_seopress_robots_index":"","footnotes":""},"categories":[45],"tags":[49,78],"class_list":["post-724","post","type-post","status-publish","format-standard","has-post-thumbnail","hentry","category-internacionales","tag-donald-trump","tag-onu"],"_links":{"self":[{"href":"https:\/\/girasolmultimedios.com\/portal\/wp-json\/wp\/v2\/posts\/724","targetHints":{"allow":["GET"]}}],"collection":[{"href":"https:\/\/girasolmultimedios.com\/portal\/wp-json\/wp\/v2\/posts"}],"about":[{"href":"https:\/\/girasolmultimedios.com\/portal\/wp-json\/wp\/v2\/types\/post"}],"author":[{"embeddable":true,"href":"https:\/\/girasolmultimedios.com\/portal\/wp-json\/wp\/v2\/users\/2"}],"replies":[{"embeddable":true,"href":"https:\/\/girasolmultimedios.com\/portal\/wp-json\/wp\/v2\/comments?post=724"}],"version-history":[{"count":1,"href":"https:\/\/girasolmultimedios.com\/portal\/wp-json\/wp\/v2\/posts\/724\/revisions"}],"predecessor-version":[{"id":726,"href":"https:\/\/girasolmultimedios.com\/portal\/wp-json\/wp\/v2\/posts\/724\/revisions\/726"}],"wp:featuredmedia":[{"embeddable":true,"href":"https:\/\/girasolmultimedios.com\/portal\/wp-json\/wp\/v2\/media\/725"}],"wp:attachment":[{"href":"https:\/\/girasolmultimedios.com\/portal\/wp-json\/wp\/v2\/media?parent=724"}],"wp:term":[{"taxonomy":"category","embeddable":true,"href":"https:\/\/girasolmultimedios.com\/portal\/wp-json\/wp\/v2\/categories?post=724"},{"taxonomy":"post_tag","embeddable":true,"href":"https:\/\/girasolmultimedios.com\/portal\/wp-json\/wp\/v2\/tags?post=724"}],"curies":[{"name":"wp","href":"https:\/\/api.w.org\/{rel}","templated":true}]}}