{"id":736,"date":"2025-09-25T11:24:51","date_gmt":"2025-09-25T17:24:51","guid":{"rendered":"https:\/\/girasolmultimedios.com\/portal\/?p=736"},"modified":"2025-09-25T11:24:52","modified_gmt":"2025-09-25T17:24:52","slug":"netanyahu-reitera-no-habra-estado-palestino","status":"publish","type":"post","link":"https:\/\/girasolmultimedios.com\/portal\/netanyahu-reitera-no-habra-estado-palestino\/","title":{"rendered":"Netanyahu reitera \u00abno habr\u00e1 Estado Palestino\u00bb"},"content":{"rendered":"\n<p><em><strong>Jerusal\u00e9n (EFE).<\/strong>&nbsp;<\/em>El primer ministro israel\u00ed, Benjam\u00edn Netanyahu, volvi\u00f3 a dejar claro el mi\u00e9rcoles mientras prepara su viaje a Nueva York para asistir a la Asamblea General de la ONU que \u00abno se establecer\u00e1 un Estado Palestino\u00bb.<\/p>\n\n\n\n<p>\u00abLa vergonzosa rendici\u00f3n de algunos l\u00edderes al terrorismo palestino no vincular\u00e1 a Israel de ninguna manera. No habr\u00e1 un Estado palestino\u00bb, reiter\u00f3 el mandatario israel\u00ed en un mensaje difundido por su Oficina.<\/p>\n\n\n\n<p>Ya lo dijo tambi\u00e9n el pasado domingo, cuando llegaron los primeros reconocimientos del Estado Palestino por parte de pa\u00edses como Reino Unido, Australia y Canad\u00e1 en v\u00edspera de la Asamblea General de la ONU en Nueva York.<\/p>\n\n\n\n<p>Hasta el momento, diez pa\u00edses se han sumado al reconocimiento del Estado palestino, lo que eleva a 157 el n\u00famero de naciones que ya reconocen a este estado \u00e1rabe, una amplia mayor\u00eda dentro de los 193 pa\u00edses con asiento en la ONU.<\/p>\n\n\n\n<p>Muchos de estos pa\u00edses hab\u00edan dado incluso a Israel una oportunidad para retrasar el reconocimiento si cumpl\u00eda ciertas condiciones: frenar su ofensiva sobre la ciudad de Gaza y permitir la entrada de ayuda humanitaria, pero el gobierno de Benjam\u00edn Netanyahu no cedi\u00f3, sino que intensific\u00f3 la guerra.<\/p>\n\n\n\n<p>De los diez nuevos pa\u00edses, tienen especial relevancia Francia y Reino Unido, ambos miembros permanentes del Consejo de Seguridad (y como tales con derecho a veto), y parte adem\u00e1s del G7, las siete econom\u00edas m\u00e1s avanzadas del mundo. Estos dos pa\u00edses albergan a las comunidades jud\u00edas m\u00e1s grandes de Europa y han mantenido tradicionalmente posturas cercanas a Israel.<em><strong>&nbsp;EFE<\/strong><\/em><\/p>\n","protected":false},"excerpt":{"rendered":"<p>Jerusal\u00e9n (EFE).&nbsp;El primer ministro israel\u00ed, Benjam\u00edn Netanyahu, volvi\u00f3 a dejar claro el mi\u00e9rcoles mientras prepara su viaje a Nueva York para asistir a la Asamblea General de la ONU que \u00abno se establecer\u00e1 un Estado Palestino\u00bb. \u00abLa vergonzosa rendici\u00f3n de algunos l\u00edderes al terrorismo palestino no vincular\u00e1 a Israel de ninguna manera. No habr\u00e1 un [&hellip;]<\/p>\n","protected":false},"author":2,"featured_media":737,"comment_status":"closed","ping_status":"open","sticky":false,"template":"","format":"standard","meta":{"_seopress_robots_primary_cat":"","_seopress_titles_title":"","_seopress_titles_desc":"","_seopress_robots_index":"","footnotes":""},"categories":[45],"tags":[175],"class_list":["post-736","post","type-post","status-publish","format-standard","has-post-thumbnail","hentry","category-internacionales","tag-estado-palestino"],"_links":{"self":[{"href":"https:\/\/girasolmultimedios.com\/portal\/wp-json\/wp\/v2\/posts\/736","targetHints":{"allow":["GET"]}}],"collection":[{"href":"https:\/\/girasolmultimedios.com\/portal\/wp-json\/wp\/v2\/posts"}],"about":[{"href":"https:\/\/girasolmultimedios.com\/portal\/wp-json\/wp\/v2\/types\/post"}],"author":[{"embeddable":true,"href":"https:\/\/girasolmultimedios.com\/portal\/wp-json\/wp\/v2\/users\/2"}],"replies":[{"embeddable":true,"href":"https:\/\/girasolmultimedios.com\/portal\/wp-json\/wp\/v2\/comments?post=736"}],"version-history":[{"count":1,"href":"https:\/\/girasolmultimedios.com\/portal\/wp-json\/wp\/v2\/posts\/736\/revisions"}],"predecessor-version":[{"id":738,"href":"https:\/\/girasolmultimedios.com\/portal\/wp-json\/wp\/v2\/posts\/736\/revisions\/738"}],"wp:featuredmedia":[{"embeddable":true,"href":"https:\/\/girasolmultimedios.com\/portal\/wp-json\/wp\/v2\/media\/737"}],"wp:attachment":[{"href":"https:\/\/girasolmultimedios.com\/portal\/wp-json\/wp\/v2\/media?parent=736"}],"wp:term":[{"taxonomy":"category","embeddable":true,"href":"https:\/\/girasolmultimedios.com\/portal\/wp-json\/wp\/v2\/categories?post=736"},{"taxonomy":"post_tag","embeddable":true,"href":"https:\/\/girasolmultimedios.com\/portal\/wp-json\/wp\/v2\/tags?post=736"}],"curies":[{"name":"wp","href":"https:\/\/api.w.org\/{rel}","templated":true}]}}