{"id":742,"date":"2025-09-25T13:34:47","date_gmt":"2025-09-25T19:34:47","guid":{"rendered":"https:\/\/girasolmultimedios.com\/portal\/?p=742"},"modified":"2025-09-25T13:34:48","modified_gmt":"2025-09-25T19:34:48","slug":"demandan-a-trump-para-detener-redadas-en-washington","status":"publish","type":"post","link":"https:\/\/girasolmultimedios.com\/portal\/demandan-a-trump-para-detener-redadas-en-washington\/","title":{"rendered":"Demandan a Trump para detener redadas en Washington"},"content":{"rendered":"\n<p>Cuatro inmigrantes afectados por las redadas en Washington y la organizaci\u00f3n comunitaria CASA demandaron este jueves al Gobierno del presidente&nbsp;<strong>Donald Trump&nbsp;<\/strong>por realizar arrestos migratorios \u201cilegales\u201d y han pedido a un tribunal que detenga las redadas en la capital estadounidense.<\/p>\n\n\n\n<p>La demanda, presentada en el tribunal del Distrito de Columbia, impugna la pol\u00edtica de la Administraci\u00f3n de arrestar a personas sin orden judicial y sin causa probable de que no tienen estatus migratorio, como lo exige la ley de<strong>&nbsp;inmigraci\u00f3n<\/strong>&nbsp;estadounidense.<\/p>\n\n\n\n<p>La querella judicial tambi\u00e9n alega que los agentes migratorios han arrestado \u201csistem\u00e1ticamente\u201d a los inmigrantes en\u00a0Washington, D.C.\u00a0y que cada uno de los cuatro demandantes, dos salvadore\u00f1os, un hondure\u00f1o y un venezolano, fue arrestado \u201cindiscriminadamente\u201d y finalmente liberado tras corroborarse que ten\u00edan procesos migratorios pendientes.<\/p>\n\n\n\n<p>Por su parte, CASA, una organizaci\u00f3n de defensa de los derechos de los inmigrantes, se uni\u00f3 a la demanda argumentando que sus miembros se han visto afectados por\u00a0los arrestos\u00a0y han tenido que desviar recursos de su labor principal de servicio social para participar en la respuesta a la crisis de las personas detenidas.<\/p>\n\n\n\n<p>La demanda ha pedido al tribunal que detenga las redadas migratorias indiscriminadas en la capital estadounidense, que registr\u00f3 un aumento de los operativos desde agosto pasado, cuando el\u00a0presidente Trump\u00a0declar\u00f3 una \u201cemergencia criminal\u201d para desplegar agentes federales.<\/p>\n\n\n\n<p>\u201cEsta pol\u00edtica y pr\u00e1ctica ignoran importantes l\u00edmites establecidos por el Congreso para los arrestos migratorios y han sembrado el terror entre las comunidades y barrios<strong>&nbsp;inmigrantes&nbsp;<\/strong>de D.C. Los agentes federales, como el resto de nosotros, debemos acatar la ley\u201d, se\u00f1al\u00f3 Aditi Shah, abogada de la Uni\u00f3n Estadounidense de Libertades Civiles (ACLU) del Distrito de Columbia.<\/p>\n\n\n\n<p>Adem\u00e1s de ACLU, los demandantes son representados por el Centro Amica para los Derechos de los Inmigrantes,&nbsp;<strong>CASA,&nbsp;<\/strong>el Proyecto Nacional de Inmigraci\u00f3n, el Comit\u00e9 de Abogados de Washington para los Derechos Civiles y Asuntos Urbanos y el bufete de abogados Covington &amp; Burling LLP.<\/p>\n\n\n\n<p>La Casa Blanca enfrenta un litigio similar en Los \u00c1ngeles, tras las redadas masivas que se desataron en junio pasado. EFE<\/p>\n\n\n\n<p><\/p>\n","protected":false},"excerpt":{"rendered":"<p>Cuatro inmigrantes afectados por las redadas en Washington y la organizaci\u00f3n comunitaria CASA demandaron este jueves al Gobierno del presidente&nbsp;Donald Trump&nbsp;por realizar arrestos migratorios \u201cilegales\u201d y han pedido a un tribunal que detenga las redadas en la capital estadounidense. La demanda, presentada en el tribunal del Distrito de Columbia, impugna la pol\u00edtica de la Administraci\u00f3n [&hellip;]<\/p>\n","protected":false},"author":2,"featured_media":743,"comment_status":"closed","ping_status":"open","sticky":false,"template":"","format":"standard","meta":{"_seopress_robots_primary_cat":"","_seopress_titles_title":"","_seopress_titles_desc":"","_seopress_robots_index":"","footnotes":""},"categories":[45],"tags":[49,102,130],"class_list":["post-742","post","type-post","status-publish","format-standard","has-post-thumbnail","hentry","category-internacionales","tag-donald-trump","tag-eeuu","tag-imigrantes"],"_links":{"self":[{"href":"https:\/\/girasolmultimedios.com\/portal\/wp-json\/wp\/v2\/posts\/742","targetHints":{"allow":["GET"]}}],"collection":[{"href":"https:\/\/girasolmultimedios.com\/portal\/wp-json\/wp\/v2\/posts"}],"about":[{"href":"https:\/\/girasolmultimedios.com\/portal\/wp-json\/wp\/v2\/types\/post"}],"author":[{"embeddable":true,"href":"https:\/\/girasolmultimedios.com\/portal\/wp-json\/wp\/v2\/users\/2"}],"replies":[{"embeddable":true,"href":"https:\/\/girasolmultimedios.com\/portal\/wp-json\/wp\/v2\/comments?post=742"}],"version-history":[{"count":1,"href":"https:\/\/girasolmultimedios.com\/portal\/wp-json\/wp\/v2\/posts\/742\/revisions"}],"predecessor-version":[{"id":744,"href":"https:\/\/girasolmultimedios.com\/portal\/wp-json\/wp\/v2\/posts\/742\/revisions\/744"}],"wp:featuredmedia":[{"embeddable":true,"href":"https:\/\/girasolmultimedios.com\/portal\/wp-json\/wp\/v2\/media\/743"}],"wp:attachment":[{"href":"https:\/\/girasolmultimedios.com\/portal\/wp-json\/wp\/v2\/media?parent=742"}],"wp:term":[{"taxonomy":"category","embeddable":true,"href":"https:\/\/girasolmultimedios.com\/portal\/wp-json\/wp\/v2\/categories?post=742"},{"taxonomy":"post_tag","embeddable":true,"href":"https:\/\/girasolmultimedios.com\/portal\/wp-json\/wp\/v2\/tags?post=742"}],"curies":[{"name":"wp","href":"https:\/\/api.w.org\/{rel}","templated":true}]}}