{"id":749,"date":"2025-09-25T14:34:49","date_gmt":"2025-09-25T20:34:49","guid":{"rendered":"https:\/\/girasolmultimedios.com\/portal\/?p=749"},"modified":"2025-09-25T14:34:49","modified_gmt":"2025-09-25T20:34:49","slug":"policia-indaga-a-vigilante-por-alimentar-cocodrilos-con-un-perro-aun-con-vida","status":"publish","type":"post","link":"https:\/\/girasolmultimedios.com\/portal\/policia-indaga-a-vigilante-por-alimentar-cocodrilos-con-un-perro-aun-con-vida\/","title":{"rendered":"Polic\u00eda indaga a vigilante por alimentar cocodrilos con un perro a\u00fan con vida"},"content":{"rendered":"\n<p>La Polic\u00eda Nacional comunic\u00f3 que ha iniciado una investigaci\u00f3n formal contra Johnny Javier Mej\u00eda, guardia de seguridad que prestaba servicios en la cocodrilera de San Manuel, por presunto maltrato animal, luego de la difusi\u00f3n de un video en el que se observa c\u00f3mo arroja a un perro vivo a los cocodrilos.<\/p>\n\n\n\n<p>El material audiovisual fue la principal evidencia que permiti\u00f3 a las autoridades identificar al implicado.<\/p>\n\n\n\n<p>Mej\u00eda fue separado de su puesto y deber\u00e1 responder ante la justicia por sus actos. La Polic\u00eda indic\u00f3 que se est\u00e1n recopilando pruebas para determinar si otras personas participaron, ya sea de forma directa o por omisi\u00f3n.<\/p>\n\n\n\n<p>Tambi\u00e9n se verificar\u00e1 si la empresa de seguridad que lo contrataba incurri\u00f3 en responsabilidades legales o administrativas, con el fin de garantizar que conductas de este tipo no queden sin sanci\u00f3n.<\/p>\n\n\n\n<p>\u201cLa vida y la dignidad de todos los seres vivos es un principio irrenunciable. Cualquier acto de crueldad hacia los animales no solo les causa sufrimiento, sino que afecta la conciencia colectiva\u201d, expres\u00f3 la Polic\u00eda Nacional, subrayando la necesidad de construir una sociedad m\u00e1s justa, compasiva y responsable.<\/p>\n\n\n\n<p>Asimismo, se investigar\u00e1 si el guardia habr\u00eda incurrido en hechos similares previamente contra otros animales, para esclarecer la magnitud del maltrato.<\/p>\n","protected":false},"excerpt":{"rendered":"<p>La Polic\u00eda Nacional comunic\u00f3 que ha iniciado una investigaci\u00f3n formal contra Johnny Javier Mej\u00eda, guardia de seguridad que prestaba servicios en la cocodrilera de San Manuel, por presunto maltrato animal, luego de la difusi\u00f3n de un video en el que se observa c\u00f3mo arroja a un perro vivo a los cocodrilos. El material audiovisual fue [&hellip;]<\/p>\n","protected":false},"author":2,"featured_media":751,"comment_status":"closed","ping_status":"open","sticky":false,"template":"","format":"standard","meta":{"_seopress_robots_primary_cat":"","_seopress_titles_title":"","_seopress_titles_desc":"","_seopress_robots_index":"","footnotes":""},"categories":[23],"tags":[150],"class_list":["post-749","post","type-post","status-publish","format-standard","has-post-thumbnail","hentry","category-nacionales","tag-policia-nacional"],"_links":{"self":[{"href":"https:\/\/girasolmultimedios.com\/portal\/wp-json\/wp\/v2\/posts\/749","targetHints":{"allow":["GET"]}}],"collection":[{"href":"https:\/\/girasolmultimedios.com\/portal\/wp-json\/wp\/v2\/posts"}],"about":[{"href":"https:\/\/girasolmultimedios.com\/portal\/wp-json\/wp\/v2\/types\/post"}],"author":[{"embeddable":true,"href":"https:\/\/girasolmultimedios.com\/portal\/wp-json\/wp\/v2\/users\/2"}],"replies":[{"embeddable":true,"href":"https:\/\/girasolmultimedios.com\/portal\/wp-json\/wp\/v2\/comments?post=749"}],"version-history":[{"count":1,"href":"https:\/\/girasolmultimedios.com\/portal\/wp-json\/wp\/v2\/posts\/749\/revisions"}],"predecessor-version":[{"id":753,"href":"https:\/\/girasolmultimedios.com\/portal\/wp-json\/wp\/v2\/posts\/749\/revisions\/753"}],"wp:featuredmedia":[{"embeddable":true,"href":"https:\/\/girasolmultimedios.com\/portal\/wp-json\/wp\/v2\/media\/751"}],"wp:attachment":[{"href":"https:\/\/girasolmultimedios.com\/portal\/wp-json\/wp\/v2\/media?parent=749"}],"wp:term":[{"taxonomy":"category","embeddable":true,"href":"https:\/\/girasolmultimedios.com\/portal\/wp-json\/wp\/v2\/categories?post=749"},{"taxonomy":"post_tag","embeddable":true,"href":"https:\/\/girasolmultimedios.com\/portal\/wp-json\/wp\/v2\/tags?post=749"}],"curies":[{"name":"wp","href":"https:\/\/api.w.org\/{rel}","templated":true}]}}