{"id":750,"date":"2025-09-25T14:35:28","date_gmt":"2025-09-25T20:35:28","guid":{"rendered":"https:\/\/girasolmultimedios.com\/portal\/?p=750"},"modified":"2025-09-25T14:35:29","modified_gmt":"2025-09-25T20:35:29","slug":"golpe-de-tension-en-el-golfo-de-fonseca-ffaa-detallan-version-sobre-incidente-maritimo","status":"publish","type":"post","link":"https:\/\/girasolmultimedios.com\/portal\/golpe-de-tension-en-el-golfo-de-fonseca-ffaa-detallan-version-sobre-incidente-maritimo\/","title":{"rendered":"Golpe de tensi\u00f3n en el golfo de Fonseca: FFAA detallan versi\u00f3n sobre incidente mar\u00edtimo"},"content":{"rendered":"\n<p>Las Fuerzas Armadas de Honduras (FFAA) se pronunciaron este jueves sobre el incidente ocurrido en el <strong>golfo de Fonseca<\/strong>, que involucr\u00f3 a una embarcaci\u00f3n de la Fuerza Naval de El Salvador dentro de aguas hondure\u00f1as.<\/p>\n\n\n\n<p>El jefe del Estado Mayor Conjunto, <strong>Roosevelt Hern\u00e1ndez<\/strong>, confirm\u00f3 el hecho y explic\u00f3 en entrevista televisiva que el suceso se registr\u00f3 el martes alrededor de la 1:00 p. m., cuando una fragata hondure\u00f1a realizaba un patrullaje conjunto con la <strong>Fuerza Naval de Nicaragua<\/strong>, en el marco de un convenio bilateral para la protecci\u00f3n de la soberan\u00eda mar\u00edtima y el combate al narcotr\u00e1fico.<\/p>\n\n\n\n<p>De acuerdo con el relato del alto mando, la <strong>patrullera salvadore\u00f1a irrumpi\u00f3 en la ruta de navegaci\u00f3n<\/strong> de la unidad hondure\u00f1a en un punto que Tegucigalpa considera <strong>aguas jurisdiccionales<\/strong>, reconocidas por Nicaragua como salida al Oc\u00e9ano Pac\u00edfico y amparadas en el <strong>fallo de la Corte Internacional de Justicia (CIJ) de 1992<\/strong>.<\/p>\n\n\n\n<p>El jefe del Estado Mayor Conjunto, <strong>Roosevelt Hern\u00e1ndez<\/strong>, calific\u00f3 la acci\u00f3n salvadore\u00f1a como una <em>\u201cactitud irreverente\u201d<\/em> y asegur\u00f3 que, pese a las advertencias, la embarcaci\u00f3n no se retir\u00f3 del \u00e1rea e incluso bloque\u00f3 el paso de la nave hondure\u00f1a.<\/p>\n\n\n\n<p>\u201cEs irracional pensar que Honduras no tiene salida al mar. Ese derecho est\u00e1 reconocido en el fallo de La Haya\u201d, subray\u00f3 Hern\u00e1ndez.<\/p>\n\n\n\n<p>El general subray\u00f3 que la <strong>respuesta hondure\u00f1a fue prudente y profesional<\/strong>, privilegiando el di\u00e1logo para evitar una escalada del incidente. A\u00f1adi\u00f3 que, si bien en ocasiones anteriores embarcaciones salvadore\u00f1as se han aproximado a la zona de patrullaje, <strong>nunca antes hab\u00edan llegado a obstruir directamente la navegaci\u00f3n hondure\u00f1a<\/strong>.<\/p>\n","protected":false},"excerpt":{"rendered":"<p>Las Fuerzas Armadas de Honduras (FFAA) se pronunciaron este jueves sobre el incidente ocurrido en el golfo de Fonseca, que involucr\u00f3 a una embarcaci\u00f3n de la Fuerza Naval de El Salvador dentro de aguas hondure\u00f1as. El jefe del Estado Mayor Conjunto, Roosevelt Hern\u00e1ndez, confirm\u00f3 el hecho y explic\u00f3 en entrevista televisiva que el suceso se [&hellip;]<\/p>\n","protected":false},"author":2,"featured_media":752,"comment_status":"closed","ping_status":"open","sticky":false,"template":"","format":"standard","meta":{"_seopress_robots_primary_cat":"","_seopress_titles_title":"","_seopress_titles_desc":"","_seopress_robots_index":"","footnotes":""},"categories":[23],"tags":[178,180,25,179],"class_list":["post-750","post","type-post","status-publish","format-standard","has-post-thumbnail","hentry","category-nacionales","tag-ffaa","tag-golfo-de-fonseca","tag-honduras","tag-salvador"],"_links":{"self":[{"href":"https:\/\/girasolmultimedios.com\/portal\/wp-json\/wp\/v2\/posts\/750","targetHints":{"allow":["GET"]}}],"collection":[{"href":"https:\/\/girasolmultimedios.com\/portal\/wp-json\/wp\/v2\/posts"}],"about":[{"href":"https:\/\/girasolmultimedios.com\/portal\/wp-json\/wp\/v2\/types\/post"}],"author":[{"embeddable":true,"href":"https:\/\/girasolmultimedios.com\/portal\/wp-json\/wp\/v2\/users\/2"}],"replies":[{"embeddable":true,"href":"https:\/\/girasolmultimedios.com\/portal\/wp-json\/wp\/v2\/comments?post=750"}],"version-history":[{"count":1,"href":"https:\/\/girasolmultimedios.com\/portal\/wp-json\/wp\/v2\/posts\/750\/revisions"}],"predecessor-version":[{"id":754,"href":"https:\/\/girasolmultimedios.com\/portal\/wp-json\/wp\/v2\/posts\/750\/revisions\/754"}],"wp:featuredmedia":[{"embeddable":true,"href":"https:\/\/girasolmultimedios.com\/portal\/wp-json\/wp\/v2\/media\/752"}],"wp:attachment":[{"href":"https:\/\/girasolmultimedios.com\/portal\/wp-json\/wp\/v2\/media?parent=750"}],"wp:term":[{"taxonomy":"category","embeddable":true,"href":"https:\/\/girasolmultimedios.com\/portal\/wp-json\/wp\/v2\/categories?post=750"},{"taxonomy":"post_tag","embeddable":true,"href":"https:\/\/girasolmultimedios.com\/portal\/wp-json\/wp\/v2\/tags?post=750"}],"curies":[{"name":"wp","href":"https:\/\/api.w.org\/{rel}","templated":true}]}}