{"id":755,"date":"2025-09-25T17:37:07","date_gmt":"2025-09-25T23:37:07","guid":{"rendered":"https:\/\/girasolmultimedios.com\/portal\/?p=755"},"modified":"2025-09-25T17:37:08","modified_gmt":"2025-09-25T23:37:08","slug":"ministerio-publico-en-danli-prioriza-los-casos-de-violencia-domestica","status":"publish","type":"post","link":"https:\/\/girasolmultimedios.com\/portal\/ministerio-publico-en-danli-prioriza-los-casos-de-violencia-domestica\/","title":{"rendered":"Ministerio P\u00fablico en Danl\u00ed prioriza los casos de violencia domestica"},"content":{"rendered":"\n<figure class=\"wp-block-embed is-type-video is-provider-youtube wp-block-embed-youtube wp-embed-aspect-4-3 wp-has-aspect-ratio\"><div class=\"wp-block-embed__wrapper\">\n<iframe loading=\"lazy\" title=\"Ministerio P\u00fablico en la zona oriente del Honduras en atenci\u00f3n a la violencia domestica\" width=\"640\" height=\"480\" src=\"https:\/\/www.youtube.com\/embed\/mMNkdbV_Rhk?feature=oembed\" frameborder=\"0\" allow=\"accelerometer; autoplay; clipboard-write; encrypted-media; gyroscope; picture-in-picture; web-share\" referrerpolicy=\"strict-origin-when-cross-origin\" allowfullscreen><\/iframe>\n<\/div><\/figure>\n\n\n\n<p>El abogado Jos\u00e9 Luis Cuadras, quien es el encargado en los casos de violencia domestica en el Ministerio P\u00fablico en Danl\u00ed, El Para\u00edso, revel\u00f3 que al menos de un 20 a 25% se incrementan los casos por a\u00f1o. <\/p>\n\n\n\n<p>Cuadras se\u00f1ala que por temporadas se suele dar este tipo de circunstancias.<\/p>\n","protected":false},"excerpt":{"rendered":"<p>El abogado Jos\u00e9 Luis Cuadras, quien es el encargado en los casos de violencia domestica en el Ministerio P\u00fablico en Danl\u00ed, El Para\u00edso, revel\u00f3 que al menos de un 20 a 25% se incrementan los casos por a\u00f1o. Cuadras se\u00f1ala que por temporadas se suele dar este tipo de circunstancias.<\/p>\n","protected":false},"author":2,"featured_media":756,"comment_status":"closed","ping_status":"open","sticky":false,"template":"","format":"standard","meta":{"_seopress_robots_primary_cat":"","_seopress_titles_title":"","_seopress_titles_desc":"","_seopress_robots_index":"","footnotes":""},"categories":[23],"tags":[131,183,181],"class_list":["post-755","post","type-post","status-publish","format-standard","has-post-thumbnail","hentry","category-nacionales","tag-danli","tag-noticias-girasol-tv","tag-violencia-domestica"],"_links":{"self":[{"href":"https:\/\/girasolmultimedios.com\/portal\/wp-json\/wp\/v2\/posts\/755","targetHints":{"allow":["GET"]}}],"collection":[{"href":"https:\/\/girasolmultimedios.com\/portal\/wp-json\/wp\/v2\/posts"}],"about":[{"href":"https:\/\/girasolmultimedios.com\/portal\/wp-json\/wp\/v2\/types\/post"}],"author":[{"embeddable":true,"href":"https:\/\/girasolmultimedios.com\/portal\/wp-json\/wp\/v2\/users\/2"}],"replies":[{"embeddable":true,"href":"https:\/\/girasolmultimedios.com\/portal\/wp-json\/wp\/v2\/comments?post=755"}],"version-history":[{"count":1,"href":"https:\/\/girasolmultimedios.com\/portal\/wp-json\/wp\/v2\/posts\/755\/revisions"}],"predecessor-version":[{"id":757,"href":"https:\/\/girasolmultimedios.com\/portal\/wp-json\/wp\/v2\/posts\/755\/revisions\/757"}],"wp:featuredmedia":[{"embeddable":true,"href":"https:\/\/girasolmultimedios.com\/portal\/wp-json\/wp\/v2\/media\/756"}],"wp:attachment":[{"href":"https:\/\/girasolmultimedios.com\/portal\/wp-json\/wp\/v2\/media?parent=755"}],"wp:term":[{"taxonomy":"category","embeddable":true,"href":"https:\/\/girasolmultimedios.com\/portal\/wp-json\/wp\/v2\/categories?post=755"},{"taxonomy":"post_tag","embeddable":true,"href":"https:\/\/girasolmultimedios.com\/portal\/wp-json\/wp\/v2\/tags?post=755"}],"curies":[{"name":"wp","href":"https:\/\/api.w.org\/{rel}","templated":true}]}}