{"id":758,"date":"2025-09-25T17:51:34","date_gmt":"2025-09-25T23:51:34","guid":{"rendered":"https:\/\/girasolmultimedios.com\/portal\/?p=758"},"modified":"2025-09-25T17:51:35","modified_gmt":"2025-09-25T23:51:35","slug":"legisladores-de-panama-aprueban-presupuesto-del-canal-mientras-el-tesoro-aumenta-un-15","status":"publish","type":"post","link":"https:\/\/girasolmultimedios.com\/portal\/legisladores-de-panama-aprueban-presupuesto-del-canal-mientras-el-tesoro-aumenta-un-15\/","title":{"rendered":"Legisladores de Panam\u00e1 aprueban presupuesto del canal mientras el tesoro aumenta un 15%"},"content":{"rendered":"\n<p>El Canal de Panam\u00e1 anunci\u00f3 el jueves que los legisladores de la naci\u00f3n centroamericana aprobaron el presupuesto propuesto para el canal de carga global clave para el a\u00f1o fiscal 2025\/26, lo que se espera que implique un aumento en las contribuciones estatales.<\/p>\n\n\n\n<p><br>Para el per\u00edodo de octubre a septiembre, los legisladores respaldaron un presupuesto de $5,210 millones para el canal, que se espera que aporte $3,190 millones a las arcas estatales, un 14.5% m\u00e1s que el nivel establecido en el presupuesto del a\u00f1o anterior, seg\u00fan inform\u00f3 la autoridad del canal.<\/p>\n\n\n\n<p>La semana pasada, el canal pronostic\u00f3 una ganancia de $3,500 millones para el a\u00f1o fiscal que finaliza en septiembre. El canal ha indicado que espera menos tr\u00e1nsitos el pr\u00f3ximo a\u00f1o debido a la inestabilidad econ\u00f3mica mundial.<\/p>\n\n\n\n<p><br>El presupuesto ahora aprobado incluye disposiciones para algunas de las inversiones planificadas del canal, agreg\u00f3, incluyendo su plan para construir un embalse de $1,600 millones para expandir el canal, un proyecto que ha sido impugnado en los tribunales por las comunidades locales.<br>El proyecto del embalse del R\u00edo Indio desplazar\u00eda a unas 2,500 personas. Un grupo que representa a agricultores present\u00f3 una demanda.<\/p>\n\n\n\n<details class=\"wp-block-details is-layout-flow wp-block-details-is-layout-flow\"><summary>Fuente: Con redacci\u00f3n de Reuters<\/summary>\n<p><\/p>\n<\/details>\n","protected":false},"excerpt":{"rendered":"<p>El Canal de Panam\u00e1 anunci\u00f3 el jueves que los legisladores de la naci\u00f3n centroamericana aprobaron el presupuesto propuesto para el canal de carga global clave para el a\u00f1o fiscal 2025\/26, lo que se espera que implique un aumento en las contribuciones estatales. Para el per\u00edodo de octubre a septiembre, los legisladores respaldaron un presupuesto de [&hellip;]<\/p>\n","protected":false},"author":2,"featured_media":759,"comment_status":"closed","ping_status":"open","sticky":false,"template":"","format":"standard","meta":{"_seopress_robots_primary_cat":"","_seopress_titles_title":"","_seopress_titles_desc":"","_seopress_robots_index":"","footnotes":""},"categories":[45],"tags":[185,184,186],"class_list":["post-758","post","type-post","status-publish","format-standard","has-post-thumbnail","hentry","category-internacionales","tag-canal-de-panama","tag-panama","tag-tesoro"],"_links":{"self":[{"href":"https:\/\/girasolmultimedios.com\/portal\/wp-json\/wp\/v2\/posts\/758","targetHints":{"allow":["GET"]}}],"collection":[{"href":"https:\/\/girasolmultimedios.com\/portal\/wp-json\/wp\/v2\/posts"}],"about":[{"href":"https:\/\/girasolmultimedios.com\/portal\/wp-json\/wp\/v2\/types\/post"}],"author":[{"embeddable":true,"href":"https:\/\/girasolmultimedios.com\/portal\/wp-json\/wp\/v2\/users\/2"}],"replies":[{"embeddable":true,"href":"https:\/\/girasolmultimedios.com\/portal\/wp-json\/wp\/v2\/comments?post=758"}],"version-history":[{"count":1,"href":"https:\/\/girasolmultimedios.com\/portal\/wp-json\/wp\/v2\/posts\/758\/revisions"}],"predecessor-version":[{"id":760,"href":"https:\/\/girasolmultimedios.com\/portal\/wp-json\/wp\/v2\/posts\/758\/revisions\/760"}],"wp:featuredmedia":[{"embeddable":true,"href":"https:\/\/girasolmultimedios.com\/portal\/wp-json\/wp\/v2\/media\/759"}],"wp:attachment":[{"href":"https:\/\/girasolmultimedios.com\/portal\/wp-json\/wp\/v2\/media?parent=758"}],"wp:term":[{"taxonomy":"category","embeddable":true,"href":"https:\/\/girasolmultimedios.com\/portal\/wp-json\/wp\/v2\/categories?post=758"},{"taxonomy":"post_tag","embeddable":true,"href":"https:\/\/girasolmultimedios.com\/portal\/wp-json\/wp\/v2\/tags?post=758"}],"curies":[{"name":"wp","href":"https:\/\/api.w.org\/{rel}","templated":true}]}}