{"id":762,"date":"2025-09-25T18:02:36","date_gmt":"2025-09-26T00:02:36","guid":{"rendered":"https:\/\/girasolmultimedios.com\/portal\/?p=762"},"modified":"2025-09-25T18:02:36","modified_gmt":"2025-09-26T00:02:36","slug":"papi-a-la-orden-y-junior-burbara-escuchan-el-clamor-de-los-taxistas-en-sps-vivienda-credito-y-seguridad-social-son-prioridades","status":"publish","type":"post","link":"https:\/\/girasolmultimedios.com\/portal\/papi-a-la-orden-y-junior-burbara-escuchan-el-clamor-de-los-taxistas-en-sps-vivienda-credito-y-seguridad-social-son-prioridades\/","title":{"rendered":"Papi a la Orden y Junior Burbara escuchan el clamor de los taxistas en SPS: vivienda, cr\u00e9dito y seguridad social son prioridades"},"content":{"rendered":"\n<p>El candidato presidencial Nasry Asfura \u201cPapi a la Orden\u201d, junto al pr\u00f3ximo alcalde sampedrano Junior Burbara, sostuvo un encuentro con miembros del punto de taxis de la FESITRANH, donde escucharon de primera mano las dificultades que enfrenta este sector que diariamente mueve la econom\u00eda de la ciudad y del pa\u00eds.<\/p>\n\n\n\n<p>Los taxistas expusieron sus principales demandas: acceso a un terreno para la construcci\u00f3n de una colonia para todo el gremio, legalizaci\u00f3n de sus unidades, financiamiento para mejorar sus flotas, acceso a cr\u00e9ditos de vivienda y la inclusi\u00f3n al sistema de seguridad social, ya que actualmente no cuentan con protecci\u00f3n m\u00e9dica ni con programas de respaldo financiero.<\/p>\n\n\n\n<figure class=\"wp-block-image size-full\"><img alt=\"\" loading=\"lazy\" decoding=\"async\" width=\"1024\" height=\"683\" src=\"https:\/\/girasolmultimedios.com\/portal\/wp-content\/uploads\/image-17.png\" alt=\"\" class=\"wp-image-763\" srcset=\"https:\/\/girasolmultimedios.com\/portal\/wp-content\/uploads\/image-17.png 1024w, https:\/\/girasolmultimedios.com\/portal\/wp-content\/uploads\/image-17-300x200.png 300w, https:\/\/girasolmultimedios.com\/portal\/wp-content\/uploads\/image-17-150x100.png 150w, https:\/\/girasolmultimedios.com\/portal\/wp-content\/uploads\/image-17-768x512.png 768w\" sizes=\"auto, (max-width: 1024px) 100vw, 1024px\" \/><\/figure>\n\n\n\n<p>\u201cSomos gente trabajadora y no tenemos acceso a nada. Vivimos en peligro y no tenemos ni acceso a un seguro m\u00e9dico\u201d, expres\u00f3 Abencio Fuente, miembro del grupo, mientras que Jos\u00e9 Antonio Maldonado, presidente del punto de taxis, reiter\u00f3 que el gremio necesita apoyo para tener una colonia propia y facilidades para renovar los veh\u00edculos. \u201cAs\u00ed como hay colonias para otros gremios, nosotros tambi\u00e9n merecemos una vivienda digna para nuestras familias\u201d, se\u00f1al\u00f3.<\/p>\n\n\n\n<p>Por su parte, Papi a la Orden destac\u00f3 que su compromiso es buscar soluciones reales y no ofrecer promesas vac\u00edas. \u201cHay que ver c\u00f3mo se estructura un esquema y c\u00f3mo est\u00e1n organizados. No duden en el apoyo, t\u00e9nganlo por seguro. No vengo a mentir por un voto, hay que buscar una soluci\u00f3n\u201d, afirm\u00f3.<\/p>\n\n\n\n<figure class=\"wp-block-image size-full\"><img alt=\"\" loading=\"lazy\" decoding=\"async\" width=\"1024\" height=\"660\" src=\"https:\/\/girasolmultimedios.com\/portal\/wp-content\/uploads\/image-18.png\" alt=\"\" class=\"wp-image-764\" srcset=\"https:\/\/girasolmultimedios.com\/portal\/wp-content\/uploads\/image-18.png 1024w, https:\/\/girasolmultimedios.com\/portal\/wp-content\/uploads\/image-18-300x193.png 300w, https:\/\/girasolmultimedios.com\/portal\/wp-content\/uploads\/image-18-150x97.png 150w, https:\/\/girasolmultimedios.com\/portal\/wp-content\/uploads\/image-18-768x495.png 768w\" sizes=\"auto, (max-width: 1024px) 100vw, 1024px\" \/><\/figure>\n\n\n\n<p>En el mismo sentido, Junior Burbara asegur\u00f3 que los proyectos de organizaci\u00f3n del transporte p\u00fablico forman parte del plan maestro de desarrollo que implementar\u00e1 en la capital industrial. \u201cEste sector es un pilar fundamental en el desarrollo de San Pedro Sula y contar\u00e1n con nuestro respaldo desde la alcald\u00eda y el gobierno central\u201d, enfatiz\u00f3.<\/p>\n\n\n\n<p>Papi a la Orden reafirma que su gobierno ser\u00e1 cercano a la gente, escuchando directamente a los sectores productivos y populares, y construyendo junto a ellos soluciones que mejoren sus condiciones de vida.<\/p>\n","protected":false},"excerpt":{"rendered":"<p>El candidato presidencial Nasry Asfura \u201cPapi a la Orden\u201d, junto al pr\u00f3ximo alcalde sampedrano Junior Burbara, sostuvo un encuentro con miembros del punto de taxis de la FESITRANH, donde escucharon de primera mano las dificultades que enfrenta este sector que diariamente mueve la econom\u00eda de la ciudad y del pa\u00eds. Los taxistas expusieron sus principales [&hellip;]<\/p>\n","protected":false},"author":2,"featured_media":765,"comment_status":"closed","ping_status":"open","sticky":false,"template":"","format":"standard","meta":{"_seopress_robots_primary_cat":"","_seopress_titles_title":"","_seopress_titles_desc":"","_seopress_robots_index":"","footnotes":""},"categories":[23,69],"tags":[189,187,169,55,188],"class_list":["post-762","post","type-post","status-publish","format-standard","has-post-thumbnail","hentry","category-nacionales","category-politica","tag-junior-burbara","tag-papi-a-la-orden","tag-partido-nacional","tag-san-pedro-sula","tag-taxistas"],"_links":{"self":[{"href":"https:\/\/girasolmultimedios.com\/portal\/wp-json\/wp\/v2\/posts\/762","targetHints":{"allow":["GET"]}}],"collection":[{"href":"https:\/\/girasolmultimedios.com\/portal\/wp-json\/wp\/v2\/posts"}],"about":[{"href":"https:\/\/girasolmultimedios.com\/portal\/wp-json\/wp\/v2\/types\/post"}],"author":[{"embeddable":true,"href":"https:\/\/girasolmultimedios.com\/portal\/wp-json\/wp\/v2\/users\/2"}],"replies":[{"embeddable":true,"href":"https:\/\/girasolmultimedios.com\/portal\/wp-json\/wp\/v2\/comments?post=762"}],"version-history":[{"count":2,"href":"https:\/\/girasolmultimedios.com\/portal\/wp-json\/wp\/v2\/posts\/762\/revisions"}],"predecessor-version":[{"id":767,"href":"https:\/\/girasolmultimedios.com\/portal\/wp-json\/wp\/v2\/posts\/762\/revisions\/767"}],"wp:featuredmedia":[{"embeddable":true,"href":"https:\/\/girasolmultimedios.com\/portal\/wp-json\/wp\/v2\/media\/765"}],"wp:attachment":[{"href":"https:\/\/girasolmultimedios.com\/portal\/wp-json\/wp\/v2\/media?parent=762"}],"wp:term":[{"taxonomy":"category","embeddable":true,"href":"https:\/\/girasolmultimedios.com\/portal\/wp-json\/wp\/v2\/categories?post=762"},{"taxonomy":"post_tag","embeddable":true,"href":"https:\/\/girasolmultimedios.com\/portal\/wp-json\/wp\/v2\/tags?post=762"}],"curies":[{"name":"wp","href":"https:\/\/api.w.org\/{rel}","templated":true}]}}