{"id":782,"date":"2025-09-26T08:24:47","date_gmt":"2025-09-26T14:24:47","guid":{"rendered":"https:\/\/girasolmultimedios.com\/portal\/?p=782"},"modified":"2025-09-26T08:24:48","modified_gmt":"2025-09-26T14:24:48","slug":"la-capital-de-madagascar-impone-toque-de-queda-luego-de-disturbios-violentos","status":"publish","type":"post","link":"https:\/\/girasolmultimedios.com\/portal\/la-capital-de-madagascar-impone-toque-de-queda-luego-de-disturbios-violentos\/","title":{"rendered":"La capital de Madagascar impone toque de queda luego de disturbios violentos."},"content":{"rendered":"\n<p>Las autoridades de Madagascar impusieron el jueves un toque de queda desde el anochecer hasta el amanecer en la capital, despu\u00e9s de que las protestas por los frecuentes cortes de energ\u00eda y la escasez de agua se volvieran violentas, seg\u00fan un alto funcionario de seguridad.<\/p>\n\n\n\n<p>La polic\u00eda dispar\u00f3 gases lacrim\u00f3genos para dispersar a los miles de manifestantes, en su mayor\u00eda j\u00f3venes, que marchaban y portaban pancartas, en Antananarivo, la capital, seg\u00fan un testigo de Reuters.<\/p>\n\n\n\n<p>Los manifestantes denunciaban al gobierno y exig\u00edan el restablecimiento de agua y electricidad confiables en todo el pa\u00eds.<\/p>\n\n\n\n<p>\u00abDesafortunadamente, hay individuos que se aprovechan de la situaci\u00f3n para destruir la propiedad de otras personas\u00bb, dijo el general Angelo Ravelonarivo, quien encabeza un cuerpo de seguridad conjunto que incluye a la polic\u00eda y el ej\u00e9rcito, en un comunicado que ley\u00f3 en la cadena privada Real TV el jueves por la noche.<\/p>\n\n\n\n<figure class=\"wp-block-image size-full\"><img alt=\"\" loading=\"lazy\" decoding=\"async\" width=\"960\" height=\"697\" src=\"https:\/\/girasolmultimedios.com\/portal\/wp-content\/uploads\/image-21.png\" alt=\"\" class=\"wp-image-784\" srcset=\"https:\/\/girasolmultimedios.com\/portal\/wp-content\/uploads\/image-21.png 960w, https:\/\/girasolmultimedios.com\/portal\/wp-content\/uploads\/image-21-300x218.png 300w, https:\/\/girasolmultimedios.com\/portal\/wp-content\/uploads\/image-21-150x109.png 150w, https:\/\/girasolmultimedios.com\/portal\/wp-content\/uploads\/image-21-768x558.png 768w\" sizes=\"auto, (max-width: 960px) 100vw, 960px\" \/><\/figure>\n\n\n\n<p>Para proteger \u00aba la poblaci\u00f3n y sus pertenencias\u00bb, las fuerzas de seguridad decidieron imponer un toque de queda de 7 p.m. a 5 a.m. \u00abhasta que se restablezca el orden p\u00fablico\u00bb, dijo el comunicado.<\/p>\n\n\n\n<p>Madagascar, una naci\u00f3n insular en el Oc\u00e9ano \u00cdndico, est\u00e1 sumida en la pobreza, y algunas personas culpan al gobierno del presidente Andry Rajoelina, quien fue reelegido en 2023, por no mejorar las condiciones.<\/p>\n\n\n\n<p>Durante las protestas del jueves, un gran centro comercial en la capital fue saqueado y luego incendiado, y las casas de dos legisladores fueron saqueadas y vandalizadas, seg\u00fan el testigo de Reuters.<\/p>\n\n\n\n<p>Los manifestantes, que desafiaron una prohibici\u00f3n policial anterior de la manifestaci\u00f3n, marcharon mientras coreaban: \u00abNecesitamos agua, necesitamos electricidad\u00bb.<\/p>\n\n\n\n<p>Despu\u00e9s de que las protestas se dispersaron, luego se extendieron a varios barrios de la capital.<\/p>\n\n\n\n<p>Un portavoz de las fuerzas de seguridad, Zafisambatra Ravoavy, no pudo ser contactado para hacer comentarios.<\/p>\n\n\n\n<p>El mi\u00e9rcoles, el jefe de la polic\u00eda nacional, Jean Herbert Andriantahiana Rakotomalala, advirti\u00f3 que las fuerzas de seguridad \u00abtomar\u00edan medidas preventivas firmes&#8230; medidas contra aquellos tentados a violar la ley\u00bb.<\/p>\n\n\n\n<p><\/p>\n","protected":false},"excerpt":{"rendered":"<p>Las autoridades de Madagascar impusieron el jueves un toque de queda desde el anochecer hasta el amanecer en la capital, despu\u00e9s de que las protestas por los frecuentes cortes de energ\u00eda y la escasez de agua se volvieran violentas, seg\u00fan un alto funcionario de seguridad. La polic\u00eda dispar\u00f3 gases lacrim\u00f3genos para dispersar a los miles [&hellip;]<\/p>\n","protected":false},"author":2,"featured_media":783,"comment_status":"closed","ping_status":"open","sticky":false,"template":"","format":"standard","meta":{"_seopress_robots_primary_cat":"","_seopress_titles_title":"","_seopress_titles_desc":"","_seopress_robots_index":"","footnotes":""},"categories":[45],"tags":[201,199,200],"class_list":["post-782","post","type-post","status-publish","format-standard","has-post-thumbnail","hentry","category-internacionales","tag-continente-africano","tag-madagascar","tag-protestas"],"_links":{"self":[{"href":"https:\/\/girasolmultimedios.com\/portal\/wp-json\/wp\/v2\/posts\/782","targetHints":{"allow":["GET"]}}],"collection":[{"href":"https:\/\/girasolmultimedios.com\/portal\/wp-json\/wp\/v2\/posts"}],"about":[{"href":"https:\/\/girasolmultimedios.com\/portal\/wp-json\/wp\/v2\/types\/post"}],"author":[{"embeddable":true,"href":"https:\/\/girasolmultimedios.com\/portal\/wp-json\/wp\/v2\/users\/2"}],"replies":[{"embeddable":true,"href":"https:\/\/girasolmultimedios.com\/portal\/wp-json\/wp\/v2\/comments?post=782"}],"version-history":[{"count":1,"href":"https:\/\/girasolmultimedios.com\/portal\/wp-json\/wp\/v2\/posts\/782\/revisions"}],"predecessor-version":[{"id":785,"href":"https:\/\/girasolmultimedios.com\/portal\/wp-json\/wp\/v2\/posts\/782\/revisions\/785"}],"wp:featuredmedia":[{"embeddable":true,"href":"https:\/\/girasolmultimedios.com\/portal\/wp-json\/wp\/v2\/media\/783"}],"wp:attachment":[{"href":"https:\/\/girasolmultimedios.com\/portal\/wp-json\/wp\/v2\/media?parent=782"}],"wp:term":[{"taxonomy":"category","embeddable":true,"href":"https:\/\/girasolmultimedios.com\/portal\/wp-json\/wp\/v2\/categories?post=782"},{"taxonomy":"post_tag","embeddable":true,"href":"https:\/\/girasolmultimedios.com\/portal\/wp-json\/wp\/v2\/tags?post=782"}],"curies":[{"name":"wp","href":"https:\/\/api.w.org\/{rel}","templated":true}]}}