{"id":789,"date":"2025-09-26T09:03:02","date_gmt":"2025-09-26T15:03:02","guid":{"rendered":"https:\/\/girasolmultimedios.com\/portal\/?p=789"},"modified":"2025-09-26T09:03:02","modified_gmt":"2025-09-26T15:03:02","slug":"por-primera-vez-en-su-mandato-bukele-no-asiste-a-la-asamblea-general-de-la-onu","status":"publish","type":"post","link":"https:\/\/girasolmultimedios.com\/portal\/por-primera-vez-en-su-mandato-bukele-no-asiste-a-la-asamblea-general-de-la-onu\/","title":{"rendered":"Por primera vez en su mandato, Bukele no asiste a la Asamblea General de la ONU."},"content":{"rendered":"\n<p>El presidente de El Salvador, <strong>Nayib Bukele<\/strong>, no particip\u00f3 este a\u00f1o en la Asamblea General de Naciones Unidas, marcando la <strong>primera ausencia en seis a\u00f1os de gobierno<\/strong>. Mientras tanto, sus hom\u00f3logos regionales, como <strong>Bernardo Ar\u00e9valo (Guatemala)<\/strong> y <strong>Jos\u00e9 Ra\u00fal Mulino (Panam\u00e1)<\/strong>, s\u00ed acudieron al encuentro.<\/p>\n\n\n\n<p>Bukele inici\u00f3 el <strong>1 de junio de 2024 un segundo mandato consecutivo<\/strong>, cuestionado por la oposici\u00f3n como inconstitucional y por supuestas irregularidades en los comicios. Aun as\u00ed, en 2024 s\u00ed ofreci\u00f3 un discurso ante la ONU, en el que advirti\u00f3 sobre lo que llam\u00f3 <strong>\u201cuna nueva era oscura de la humanidad\u201d<\/strong>.<\/p>\n\n\n\n<p><strong>SU PRIMERA PARTICIPACI\u00d3N<\/strong><\/p>\n\n\n\n<p>En 2019, antes de iniciar su discurso se tom\u00f3 un selfie. Luego, pronunci\u00f3: \u00abEstar aqu\u00ed entre ustedes es un privilegio y un honor. Les aseguro que esta selfie que subir\u00e9 a redes sociales ser\u00e1 vista por m\u00e1s personas que las que est\u00e1n viendo este discurso. La poblaci\u00f3n ya cambi\u00f3 y los pol\u00edticos a\u00fan no lo han comprendido, dijo.<\/p>\n\n\n\n<p>Un a\u00f1o despu\u00e9s, en el a\u00f1o marcado por la pandemia del coronavirus, Bukele envi\u00f3 un saludo y se solidariz\u00f3 con el mundo \u00abpor los momentos que todos estamos pasando. Momentos hist\u00f3ricos, trascendentales, de los m\u00e1s dif\u00edciles que nos han tocado experimentar\u00bb.<\/p>\n\n\n\n<p>En su discurso de 2021, el presidente salvadore\u00f1o se\u00f1al\u00f3 que la Asamblea General de la ONU \u00abse estaba acercando a la obsolescencia\u00bb y el mundo a \u00abuna crisis\u00bb.<\/p>\n\n\n\n<p>\u00abHace dos a\u00f1os estuve en la Asamblea General como Presidente reci\u00e9n electo de un peque\u00f1o pa\u00eds en Centroam\u00e9rica, El Salvador. La misma Asamblea General que hace muchos a\u00f1os despertaba tanto optimismo se estaba acercando a la obsolescencia\u00bb, manifest\u00f3.<\/p>\n\n\n\n<p>\u00abLo prob\u00e9 con una selfie\u00bb, dijo Bukele y continu\u00f3: \u00abpara demostrar que el mundo hab\u00eda cambiado, que sigue cambiando y que es nuestro deber entenderlo para luego usar nuestro potencial para cuidarlo y resolver los problemas que podemos resolver\u00bb.<\/p>\n\n\n\n<p>\u00abEste a\u00f1o estoy de nuevo ac\u00e1, viendo c\u00f3mo no entendimos ese aviso y nos estamos dirigiendo hacia otra crisis, quiz\u00e1s incluso m\u00e1s grande, como lo fue la Segunda Guerra Mundial despu\u00e9s de la Gran Depresi\u00f3n. Arriesgando mucho m\u00e1s de lo que creemos posible perder\u00bb, sentenci\u00f3.<\/p>\n\n\n\n<p><\/p>\n","protected":false},"excerpt":{"rendered":"<p>El presidente de El Salvador, Nayib Bukele, no particip\u00f3 este a\u00f1o en la Asamblea General de Naciones Unidas, marcando la primera ausencia en seis a\u00f1os de gobierno. Mientras tanto, sus hom\u00f3logos regionales, como Bernardo Ar\u00e9valo (Guatemala) y Jos\u00e9 Ra\u00fal Mulino (Panam\u00e1), s\u00ed acudieron al encuentro. Bukele inici\u00f3 el 1 de junio de 2024 un segundo [&hellip;]<\/p>\n","protected":false},"author":2,"featured_media":790,"comment_status":"closed","ping_status":"open","sticky":false,"template":"","format":"standard","meta":{"_seopress_robots_primary_cat":"","_seopress_titles_title":"","_seopress_titles_desc":"","_seopress_robots_index":"","footnotes":""},"categories":[45],"tags":[205,78,179],"class_list":["post-789","post","type-post","status-publish","format-standard","has-post-thumbnail","hentry","category-internacionales","tag-bukele","tag-onu","tag-salvador"],"_links":{"self":[{"href":"https:\/\/girasolmultimedios.com\/portal\/wp-json\/wp\/v2\/posts\/789","targetHints":{"allow":["GET"]}}],"collection":[{"href":"https:\/\/girasolmultimedios.com\/portal\/wp-json\/wp\/v2\/posts"}],"about":[{"href":"https:\/\/girasolmultimedios.com\/portal\/wp-json\/wp\/v2\/types\/post"}],"author":[{"embeddable":true,"href":"https:\/\/girasolmultimedios.com\/portal\/wp-json\/wp\/v2\/users\/2"}],"replies":[{"embeddable":true,"href":"https:\/\/girasolmultimedios.com\/portal\/wp-json\/wp\/v2\/comments?post=789"}],"version-history":[{"count":1,"href":"https:\/\/girasolmultimedios.com\/portal\/wp-json\/wp\/v2\/posts\/789\/revisions"}],"predecessor-version":[{"id":791,"href":"https:\/\/girasolmultimedios.com\/portal\/wp-json\/wp\/v2\/posts\/789\/revisions\/791"}],"wp:featuredmedia":[{"embeddable":true,"href":"https:\/\/girasolmultimedios.com\/portal\/wp-json\/wp\/v2\/media\/790"}],"wp:attachment":[{"href":"https:\/\/girasolmultimedios.com\/portal\/wp-json\/wp\/v2\/media?parent=789"}],"wp:term":[{"taxonomy":"category","embeddable":true,"href":"https:\/\/girasolmultimedios.com\/portal\/wp-json\/wp\/v2\/categories?post=789"},{"taxonomy":"post_tag","embeddable":true,"href":"https:\/\/girasolmultimedios.com\/portal\/wp-json\/wp\/v2\/tags?post=789"}],"curies":[{"name":"wp","href":"https:\/\/api.w.org\/{rel}","templated":true}]}}