{"id":792,"date":"2025-09-26T09:18:00","date_gmt":"2025-09-26T15:18:00","guid":{"rendered":"https:\/\/girasolmultimedios.com\/portal\/?p=792"},"modified":"2025-09-26T09:18:00","modified_gmt":"2025-09-26T15:18:00","slug":"trump-afirma-que-podria-considerar-la-reubicacion-de-partidos-del-mundial","status":"publish","type":"post","link":"https:\/\/girasolmultimedios.com\/portal\/trump-afirma-que-podria-considerar-la-reubicacion-de-partidos-del-mundial\/","title":{"rendered":"Trump afirma que podr\u00eda considerar la reubicaci\u00f3n de partidos del Mundial."},"content":{"rendered":"\n<p>El presidente de Estados Unidos, Donald Trump, dijo que considerar\u00eda reubicar los partidos de la Copa del Mundo de 2026 de ciudades que no consideraba seguras, meses antes de que Estados Unidos sea coanfitri\u00f3n de la exhibici\u00f3n cuatrienal de f\u00fatbol con Canad\u00e1 y M\u00e9xico.<\/p>\n\n\n\n<p>Once ciudades de EE. UU. Est\u00e1n listas para recibir partidos, incluida la final en Nueva York \/ Nueva Jersey, para la edici\u00f3n m\u00e1s grande del torneo.<\/p>\n\n\n\n<figure class=\"wp-block-image size-large\"><img alt=\"\" loading=\"lazy\" decoding=\"async\" width=\"1024\" height=\"598\" src=\"https:\/\/girasolmultimedios.com\/portal\/wp-content\/uploads\/Mexico-presento-su-logotipo-para-la-Copa-del-Mundo-del-2026.-Foto_-Osvaldo-Figueroa-1024x598.png\" alt=\"\" class=\"wp-image-794\" srcset=\"https:\/\/girasolmultimedios.com\/portal\/wp-content\/uploads\/Mexico-presento-su-logotipo-para-la-Copa-del-Mundo-del-2026.-Foto_-Osvaldo-Figueroa-1024x598.png 1024w, https:\/\/girasolmultimedios.com\/portal\/wp-content\/uploads\/Mexico-presento-su-logotipo-para-la-Copa-del-Mundo-del-2026.-Foto_-Osvaldo-Figueroa-300x175.png 300w, https:\/\/girasolmultimedios.com\/portal\/wp-content\/uploads\/Mexico-presento-su-logotipo-para-la-Copa-del-Mundo-del-2026.-Foto_-Osvaldo-Figueroa-150x88.png 150w, https:\/\/girasolmultimedios.com\/portal\/wp-content\/uploads\/Mexico-presento-su-logotipo-para-la-Copa-del-Mundo-del-2026.-Foto_-Osvaldo-Figueroa-768x449.png 768w, https:\/\/girasolmultimedios.com\/portal\/wp-content\/uploads\/Mexico-presento-su-logotipo-para-la-Copa-del-Mundo-del-2026.-Foto_-Osvaldo-Figueroa.png 1200w\" sizes=\"auto, (max-width: 1024px) 100vw, 1024px\" \/><\/figure>\n\n\n\n<p>Cuando se le pregunt\u00f3 sobre el traslado de f\u00f3sforos de ciudades que no cooperan con sus iniciativas de inmigraci\u00f3n y crimen, Trump dijo que eso estaba sobre la mesa durante los comentarios hechos en la Oficina Oval el jueves.<\/p>\n\n\n\n<p>\u00abSi creo que no es seguro, lo trasladaremos a una ciudad diferente\u00bb, dijo Trump, quien es republicano.<\/p>\n\n\n\n<p>No estaba claro de inmediato si Trump tendr\u00eda esa autoridad. Reuters se ha puesto en contacto con el organismo rector del f\u00fatbol mundial, la FIFA, para obtener comentarios.<\/p>\n\n\n\n<p>Un reportero en la sesi\u00f3n informativa de la Oficina Oval cit\u00f3 dos ciudades, San Francisco y Seattle, controladas por los dem\u00f3cratas, como posibles objetivos para que se revoquen los deberes de organizaci\u00f3n de la Copa del Mundo.<\/p>\n\n\n\n<p>Reuters se ha puesto en contacto con los comit\u00e9s anfitriones de ambas ciudades para obtener comentarios.<\/p>\n\n\n\n<p>Trump envi\u00f3 cientos de tropas a la capital estadounidense liderada por los dem\u00f3cratas a principios de este a\u00f1o para apoyar una\u00a0ofensiva federal\u00a0contra lo que llam\u00f3 una epidemia de crimen.<\/p>\n\n\n\n<p>La descripci\u00f3n va en contra de los datos disponibles que muestran que las tasas de criminalidad, en general, han disminuido en los \u00faltimos a\u00f1os.<\/p>\n\n\n\n<p>El presidente de Estados Unidos se ha puesto repetidamente en el\u00a0centro de atenci\u00f3n de los deportes\u00a0durante su segundo mandato, anunciando el mes pasado que el Centro John F. Kennedy para las Artes Esc\u00e9nicas en Washington ser\u00e1 el anfitri\u00f3n del sorteo de la Copa del Mundo de 2026.<\/p>\n\n\n\n<p>Trump ten\u00eda previsto asistir el viernes al primer d\u00eda de la competencia de golf de la Copa Ryder en Long Island, un basti\u00f3n republicano.<\/p>\n","protected":false},"excerpt":{"rendered":"<p>El presidente de Estados Unidos, Donald Trump, dijo que considerar\u00eda reubicar los partidos de la Copa del Mundo de 2026 de ciudades que no consideraba seguras, meses antes de que Estados Unidos sea coanfitri\u00f3n de la exhibici\u00f3n cuatrienal de f\u00fatbol con Canad\u00e1 y M\u00e9xico. Once ciudades de EE. UU. Est\u00e1n listas para recibir partidos, incluida [&hellip;]<\/p>\n","protected":false},"author":2,"featured_media":793,"comment_status":"closed","ping_status":"open","sticky":false,"template":"","format":"standard","meta":{"_seopress_robots_primary_cat":"","_seopress_titles_title":"","_seopress_titles_desc":"","_seopress_robots_index":"","footnotes":""},"categories":[27,45],"tags":[102,207,206,108],"class_list":["post-792","post","type-post","status-publish","format-standard","has-post-thumbnail","hentry","category-deportes","category-internacionales","tag-eeuu","tag-fifa","tag-mundial-2026","tag-trump"],"_links":{"self":[{"href":"https:\/\/girasolmultimedios.com\/portal\/wp-json\/wp\/v2\/posts\/792","targetHints":{"allow":["GET"]}}],"collection":[{"href":"https:\/\/girasolmultimedios.com\/portal\/wp-json\/wp\/v2\/posts"}],"about":[{"href":"https:\/\/girasolmultimedios.com\/portal\/wp-json\/wp\/v2\/types\/post"}],"author":[{"embeddable":true,"href":"https:\/\/girasolmultimedios.com\/portal\/wp-json\/wp\/v2\/users\/2"}],"replies":[{"embeddable":true,"href":"https:\/\/girasolmultimedios.com\/portal\/wp-json\/wp\/v2\/comments?post=792"}],"version-history":[{"count":1,"href":"https:\/\/girasolmultimedios.com\/portal\/wp-json\/wp\/v2\/posts\/792\/revisions"}],"predecessor-version":[{"id":795,"href":"https:\/\/girasolmultimedios.com\/portal\/wp-json\/wp\/v2\/posts\/792\/revisions\/795"}],"wp:featuredmedia":[{"embeddable":true,"href":"https:\/\/girasolmultimedios.com\/portal\/wp-json\/wp\/v2\/media\/793"}],"wp:attachment":[{"href":"https:\/\/girasolmultimedios.com\/portal\/wp-json\/wp\/v2\/media?parent=792"}],"wp:term":[{"taxonomy":"category","embeddable":true,"href":"https:\/\/girasolmultimedios.com\/portal\/wp-json\/wp\/v2\/categories?post=792"},{"taxonomy":"post_tag","embeddable":true,"href":"https:\/\/girasolmultimedios.com\/portal\/wp-json\/wp\/v2\/tags?post=792"}],"curies":[{"name":"wp","href":"https:\/\/api.w.org\/{rel}","templated":true}]}}