{"id":796,"date":"2025-09-26T09:35:15","date_gmt":"2025-09-26T15:35:15","guid":{"rendered":"https:\/\/girasolmultimedios.com\/portal\/?p=796"},"modified":"2025-09-26T09:35:15","modified_gmt":"2025-09-26T15:35:15","slug":"unah-celebra-por-primera-vez-consejo-universitario-fuera-de-la-capital","status":"publish","type":"post","link":"https:\/\/girasolmultimedios.com\/portal\/unah-celebra-por-primera-vez-consejo-universitario-fuera-de-la-capital\/","title":{"rendered":"UNAH celebra por primera vez Consejo Universitario fuera de la capital"},"content":{"rendered":"\n<p><strong>San Pedro Sula, 26 de septiembre de 2025.<\/strong> La Universidad Nacional Aut\u00f3noma de Honduras (<strong>UNAH<\/strong>) hizo historia al realizar, por primera vez, una sesi\u00f3n ordinaria del <strong>Consejo Universitario<\/strong> fuera de Ciudad Universitaria. El encuentro se llev\u00f3 a cabo en el <strong>campus UNAH\u2013Valle de Sula<\/strong>, en San Pedro Sula, con la participaci\u00f3n del rector <strong>Odir Fern\u00e1ndez<\/strong>, autoridades, representantes estudiantiles, docentes y personal administrativo.<\/p>\n\n\n\n<p>La jornada abord\u00f3 temas clave como la <strong>ampliaci\u00f3n de la oferta acad\u00e9mica en los centros regionales<\/strong>, el <strong>fortalecimiento de la investigaci\u00f3n cient\u00edfica descentralizada<\/strong> y la <strong>mejora de la infraestructura educativa en zonas fuera de la capital<\/strong>. Tambi\u00e9n se discutieron nuevas pol\u00edticas de inclusi\u00f3n y equidad para estudiantes de comunidades rurales e ind\u00edgenas.<\/p>\n\n\n\n<p>Fern\u00e1ndez subray\u00f3 que este paso simboliza <strong>\u201capertura, inclusi\u00f3n y descentralizaci\u00f3n acad\u00e9mica\u201d<\/strong>, y anunci\u00f3 que las <strong>sesiones itinerantes<\/strong> del Consejo Universitario se replicar\u00e1n en otros campus regionales, como <strong>UNAH\u2013TEC Danl\u00ed<\/strong> y <strong>UNAH\u2013Choluteca<\/strong>.<\/p>\n\n\n\n<p>El campus del Valle de Sula, que atiende a m\u00e1s de <strong>12,000 estudiantes<\/strong>, celebr\u00f3 la decisi\u00f3n como un reconocimiento a su crecimiento acad\u00e9mico y administrativo.<\/p>\n","protected":false},"excerpt":{"rendered":"<p>San Pedro Sula, 26 de septiembre de 2025. La Universidad Nacional Aut\u00f3noma de Honduras (UNAH) hizo historia al realizar, por primera vez, una sesi\u00f3n ordinaria del Consejo Universitario fuera de Ciudad Universitaria. El encuentro se llev\u00f3 a cabo en el campus UNAH\u2013Valle de Sula, en San Pedro Sula, con la participaci\u00f3n del rector Odir Fern\u00e1ndez, [&hellip;]<\/p>\n","protected":false},"author":2,"featured_media":797,"comment_status":"closed","ping_status":"open","sticky":false,"template":"","format":"standard","meta":{"_seopress_robots_primary_cat":"","_seopress_titles_title":"","_seopress_titles_desc":"","_seopress_robots_index":"","footnotes":""},"categories":[23],"tags":[208],"class_list":["post-796","post","type-post","status-publish","format-standard","has-post-thumbnail","hentry","category-nacionales","tag-unah"],"_links":{"self":[{"href":"https:\/\/girasolmultimedios.com\/portal\/wp-json\/wp\/v2\/posts\/796","targetHints":{"allow":["GET"]}}],"collection":[{"href":"https:\/\/girasolmultimedios.com\/portal\/wp-json\/wp\/v2\/posts"}],"about":[{"href":"https:\/\/girasolmultimedios.com\/portal\/wp-json\/wp\/v2\/types\/post"}],"author":[{"embeddable":true,"href":"https:\/\/girasolmultimedios.com\/portal\/wp-json\/wp\/v2\/users\/2"}],"replies":[{"embeddable":true,"href":"https:\/\/girasolmultimedios.com\/portal\/wp-json\/wp\/v2\/comments?post=796"}],"version-history":[{"count":1,"href":"https:\/\/girasolmultimedios.com\/portal\/wp-json\/wp\/v2\/posts\/796\/revisions"}],"predecessor-version":[{"id":798,"href":"https:\/\/girasolmultimedios.com\/portal\/wp-json\/wp\/v2\/posts\/796\/revisions\/798"}],"wp:featuredmedia":[{"embeddable":true,"href":"https:\/\/girasolmultimedios.com\/portal\/wp-json\/wp\/v2\/media\/797"}],"wp:attachment":[{"href":"https:\/\/girasolmultimedios.com\/portal\/wp-json\/wp\/v2\/media?parent=796"}],"wp:term":[{"taxonomy":"category","embeddable":true,"href":"https:\/\/girasolmultimedios.com\/portal\/wp-json\/wp\/v2\/categories?post=796"},{"taxonomy":"post_tag","embeddable":true,"href":"https:\/\/girasolmultimedios.com\/portal\/wp-json\/wp\/v2\/tags?post=796"}],"curies":[{"name":"wp","href":"https:\/\/api.w.org\/{rel}","templated":true}]}}