{"id":802,"date":"2025-09-27T09:59:18","date_gmt":"2025-09-27T15:59:18","guid":{"rendered":"https:\/\/girasolmultimedios.com\/portal\/?p=802"},"modified":"2025-09-27T09:59:18","modified_gmt":"2025-09-27T15:59:18","slug":"olancho-registra-nuevos-sismos-como-parte-de-un-enjambre-sismico","status":"publish","type":"post","link":"https:\/\/girasolmultimedios.com\/portal\/olancho-registra-nuevos-sismos-como-parte-de-un-enjambre-sismico\/","title":{"rendered":"Olancho registra nuevos sismos como parte de un enjambre s\u00edsmico"},"content":{"rendered":"\n<p>La Secretar\u00eda de Gesti\u00f3n de Riesgos y Contingencias Nacionales (COPECO) inform\u00f3 que al menos cuatro sismos adicionales sacudieron la zona norte del departamento de Olancho entre la noche del viernes 26 y la madrugada del s\u00e1bado 27 de septiembre.<\/p>\n\n\n\n<p>El movimiento tel\u00farico m\u00e1s fuerte alcanz\u00f3 una magnitud de 4.1, mientras que los dem\u00e1s oscilaron entre 2.3 y 2.8 grados. De acuerdo con COPECO, \u00fanicamente el primer temblor fue percibido por algunos pobladores, sin que se registraran da\u00f1os materiales ni personas afectadas.<\/p>\n\n\n\n<p>Las autoridades mantienen un monitoreo constante de la actividad s\u00edsmica y recomiendan a la poblaci\u00f3n informarse \u00fanicamente a trav\u00e9s de los canales oficiales y atender las medidas preventivas.<\/p>\n\n\n\n<p>Este fen\u00f3meno se suma al temblor ocurrido la medianoche del jueves 25 de septiembre, con magnitud de 3.8 y una profundidad de apenas 1 km, localizado entre Catacamas y Juticalpa. Ese evento tampoco dej\u00f3 p\u00e9rdidas ni da\u00f1os.<\/p>\n\n\n\n<hr class=\"wp-block-separator has-alpha-channel-opacity\"\/>\n\n\n\n<h3 class=\"wp-block-heading\">Recomendaciones de COPECO ante sismos en Honduras<\/h3>\n\n\n\n<p><strong>Durante un sismo<\/strong><\/p>\n\n\n\n<ul class=\"wp-block-list\">\n<li>Prot\u00e9gete con la t\u00e9cnica <strong>\u201cag\u00e1chate, c\u00fabrete y ag\u00e1rrate\u201d<\/strong>: si est\u00e1s dentro de una vivienda, resgu\u00e1rdate bajo un mueble resistente y cubre tu cabeza y cuello.<\/li>\n\n\n\n<li>En exteriores, al\u00e9jate de edificios, cables el\u00e9ctricos y laderas inestables.<\/li>\n\n\n\n<li>Si conduces, det\u00e9n el veh\u00edculo en un \u00e1rea abierta, lejos de puentes y postes, y permanece dentro hasta que termine el movimiento.<\/li>\n\n\n\n<li>Evita usar ascensores o escaleras de forma apresurada.<\/li>\n<\/ul>\n\n\n\n<p><strong>Despu\u00e9s del sismo<\/strong><\/p>\n\n\n\n<ul class=\"wp-block-list\">\n<li>Espera unos minutos y prep\u00e1rate para posibles r\u00e9plicas.<\/li>\n\n\n\n<li>Verifica da\u00f1os estructurales, fugas de gas o incendios; si es necesario, corta los suministros de agua y gas.<\/li>\n\n\n\n<li>Evac\u00faa si la estructura es insegura y mantente alerta a posibles avisos de tsunami en la zona del Pac\u00edfico.<\/li>\n\n\n\n<li>Informa a las autoridades y busca refugios designados si lo requieres.<\/li>\n\n\n\n<li>Mant\u00e9n la calma, apoya a vecinos y familiares, y evita difundir rumores.<\/li>\n<\/ul>\n\n\n\n<p>COPECO reitera la importancia de los <strong>simulacros comunitarios y nacionales<\/strong>, especialmente en ciudades densamente pobladas como Tegucigalpa y San Pedro Sula, para reducir los riesgos ante estos fen\u00f3menos naturales.<\/p>\n\n\n\n<figure class=\"wp-block-image size-full is-resized\"><img alt=\"\" loading=\"lazy\" decoding=\"async\" width=\"464\" height=\"600\" src=\"https:\/\/girasolmultimedios.com\/portal\/wp-content\/uploads\/image-22.png\" alt=\"\" class=\"wp-image-803\" style=\"width:528px;height:auto\" srcset=\"https:\/\/girasolmultimedios.com\/portal\/wp-content\/uploads\/image-22.png 464w, https:\/\/girasolmultimedios.com\/portal\/wp-content\/uploads\/image-22-232x300.png 232w, https:\/\/girasolmultimedios.com\/portal\/wp-content\/uploads\/image-22-116x150.png 116w\" sizes=\"auto, (max-width: 464px) 100vw, 464px\" \/><\/figure>\n","protected":false},"excerpt":{"rendered":"<p>La Secretar\u00eda de Gesti\u00f3n de Riesgos y Contingencias Nacionales (COPECO) inform\u00f3 que al menos cuatro sismos adicionales sacudieron la zona norte del departamento de Olancho entre la noche del viernes 26 y la madrugada del s\u00e1bado 27 de septiembre. El movimiento tel\u00farico m\u00e1s fuerte alcanz\u00f3 una magnitud de 4.1, mientras que los dem\u00e1s oscilaron entre [&hellip;]<\/p>\n","protected":false},"author":2,"featured_media":805,"comment_status":"closed","ping_status":"open","sticky":false,"template":"","format":"standard","meta":{"_seopress_robots_primary_cat":"","_seopress_titles_title":"","_seopress_titles_desc":"","_seopress_robots_index":"","footnotes":""},"categories":[23],"tags":[209,174],"class_list":["post-802","post","type-post","status-publish","format-standard","has-post-thumbnail","hentry","category-nacionales","tag-olancho","tag-sismos"],"_links":{"self":[{"href":"https:\/\/girasolmultimedios.com\/portal\/wp-json\/wp\/v2\/posts\/802","targetHints":{"allow":["GET"]}}],"collection":[{"href":"https:\/\/girasolmultimedios.com\/portal\/wp-json\/wp\/v2\/posts"}],"about":[{"href":"https:\/\/girasolmultimedios.com\/portal\/wp-json\/wp\/v2\/types\/post"}],"author":[{"embeddable":true,"href":"https:\/\/girasolmultimedios.com\/portal\/wp-json\/wp\/v2\/users\/2"}],"replies":[{"embeddable":true,"href":"https:\/\/girasolmultimedios.com\/portal\/wp-json\/wp\/v2\/comments?post=802"}],"version-history":[{"count":1,"href":"https:\/\/girasolmultimedios.com\/portal\/wp-json\/wp\/v2\/posts\/802\/revisions"}],"predecessor-version":[{"id":806,"href":"https:\/\/girasolmultimedios.com\/portal\/wp-json\/wp\/v2\/posts\/802\/revisions\/806"}],"wp:featuredmedia":[{"embeddable":true,"href":"https:\/\/girasolmultimedios.com\/portal\/wp-json\/wp\/v2\/media\/805"}],"wp:attachment":[{"href":"https:\/\/girasolmultimedios.com\/portal\/wp-json\/wp\/v2\/media?parent=802"}],"wp:term":[{"taxonomy":"category","embeddable":true,"href":"https:\/\/girasolmultimedios.com\/portal\/wp-json\/wp\/v2\/categories?post=802"},{"taxonomy":"post_tag","embeddable":true,"href":"https:\/\/girasolmultimedios.com\/portal\/wp-json\/wp\/v2\/tags?post=802"}],"curies":[{"name":"wp","href":"https:\/\/api.w.org\/{rel}","templated":true}]}}