{"id":807,"date":"2025-09-27T10:08:10","date_gmt":"2025-09-27T16:08:10","guid":{"rendered":"https:\/\/girasolmultimedios.com\/portal\/?p=807"},"modified":"2025-09-27T10:08:10","modified_gmt":"2025-09-27T16:08:10","slug":"tegucigalpa-conmemora-447-anos-de-historia-y-tradicion","status":"publish","type":"post","link":"https:\/\/girasolmultimedios.com\/portal\/tegucigalpa-conmemora-447-anos-de-historia-y-tradicion\/","title":{"rendered":"Tegucigalpa conmemora 447 a\u00f1os de historia y tradici\u00f3n"},"content":{"rendered":"\n<p>La capital hondure\u00f1a celebra este s\u00e1bado el 447 aniversario de su fundaci\u00f3n, fecha que oficialmente corresponde al 29 de septiembre de 1578, pero que se adelant\u00f3 para este fin de semana por caer en lunes. Conocida como la \u201cCiudad de las Colinas\u201d, Tegucigalpa revive hoy su legado hist\u00f3rico y cultural con m\u00faltiples actividades abiertas a la ciudadan\u00eda.<\/p>\n\n\n\n<p>El programa organizado por la Alcald\u00eda Municipal del Distrito Central incluye desfiles, presentaciones musicales con talento nacional e internacional, danza folcl\u00f3rica, exposiciones hist\u00f3ricas y encuentros comunitarios en diferentes espacios de la ciudad.<\/p>\n\n\n\n<p>Uno de los actos centrales ser\u00e1 la ceremonia c\u00edvica en la Plaza Central, donde se rendir\u00e1 homenaje a los fundadores y se destacar\u00e1n los avances que han marcado el crecimiento de la capital en infraestructura, cultura y sostenibilidad.<\/p>\n\n\n\n<p>El alcalde manifest\u00f3: <em>\u201cEste 447 aniversario es una oportunidad para reflexionar sobre nuestro pasado, celebrar el presente y trabajar juntos por un futuro pr\u00f3spero para todos los capitalinos. Invitamos a la ciudadan\u00eda a unirse a las actividades y a seguir construyendo una Tegucigalpa vibrante y unida.\u201d<\/em><\/p>\n\n\n\n<p>La agenda tambi\u00e9n contempla ferias gastron\u00f3micas que resaltan los sabores t\u00edpicos del pa\u00eds, recorridos tur\u00edsticos por sitios emblem\u00e1ticos como la Catedral de San Miguel Arc\u00e1ngel, el Parque La Leona y el Museo para la Identidad Nacional, as\u00ed como campa\u00f1as de reforestaci\u00f3n y limpieza en distintos barrios.<\/p>\n\n\n\n<p>Con estas iniciativas, Tegucigalpa no solo honra su pasado, sino que reafirma su compromiso con el medio ambiente y el desarrollo sostenible, invitando a residentes y visitantes a sumarse a una jornada de orgullo e identidad capitalina.<\/p>\n","protected":false},"excerpt":{"rendered":"<p>La capital hondure\u00f1a celebra este s\u00e1bado el 447 aniversario de su fundaci\u00f3n, fecha que oficialmente corresponde al 29 de septiembre de 1578, pero que se adelant\u00f3 para este fin de semana por caer en lunes. Conocida como la \u201cCiudad de las Colinas\u201d, Tegucigalpa revive hoy su legado hist\u00f3rico y cultural con m\u00faltiples actividades abiertas a [&hellip;]<\/p>\n","protected":false},"author":2,"featured_media":808,"comment_status":"closed","ping_status":"open","sticky":false,"template":"","format":"standard","meta":{"_seopress_robots_primary_cat":"","_seopress_titles_title":"","_seopress_titles_desc":"","_seopress_robots_index":"","footnotes":""},"categories":[23],"tags":[96],"class_list":["post-807","post","type-post","status-publish","format-standard","has-post-thumbnail","hentry","category-nacionales","tag-tegucigalpa"],"_links":{"self":[{"href":"https:\/\/girasolmultimedios.com\/portal\/wp-json\/wp\/v2\/posts\/807","targetHints":{"allow":["GET"]}}],"collection":[{"href":"https:\/\/girasolmultimedios.com\/portal\/wp-json\/wp\/v2\/posts"}],"about":[{"href":"https:\/\/girasolmultimedios.com\/portal\/wp-json\/wp\/v2\/types\/post"}],"author":[{"embeddable":true,"href":"https:\/\/girasolmultimedios.com\/portal\/wp-json\/wp\/v2\/users\/2"}],"replies":[{"embeddable":true,"href":"https:\/\/girasolmultimedios.com\/portal\/wp-json\/wp\/v2\/comments?post=807"}],"version-history":[{"count":1,"href":"https:\/\/girasolmultimedios.com\/portal\/wp-json\/wp\/v2\/posts\/807\/revisions"}],"predecessor-version":[{"id":809,"href":"https:\/\/girasolmultimedios.com\/portal\/wp-json\/wp\/v2\/posts\/807\/revisions\/809"}],"wp:featuredmedia":[{"embeddable":true,"href":"https:\/\/girasolmultimedios.com\/portal\/wp-json\/wp\/v2\/media\/808"}],"wp:attachment":[{"href":"https:\/\/girasolmultimedios.com\/portal\/wp-json\/wp\/v2\/media?parent=807"}],"wp:term":[{"taxonomy":"category","embeddable":true,"href":"https:\/\/girasolmultimedios.com\/portal\/wp-json\/wp\/v2\/categories?post=807"},{"taxonomy":"post_tag","embeddable":true,"href":"https:\/\/girasolmultimedios.com\/portal\/wp-json\/wp\/v2\/tags?post=807"}],"curies":[{"name":"wp","href":"https:\/\/api.w.org\/{rel}","templated":true}]}}