{"id":814,"date":"2025-09-28T07:51:29","date_gmt":"2025-09-28T13:51:29","guid":{"rendered":"https:\/\/girasolmultimedios.com\/portal\/?p=814"},"modified":"2025-09-28T07:51:30","modified_gmt":"2025-09-28T13:51:30","slug":"comienza-la-movilizacion-nacional-por-la-semana-morazanica-en-honduras","status":"publish","type":"post","link":"https:\/\/girasolmultimedios.com\/portal\/comienza-la-movilizacion-nacional-por-la-semana-morazanica-en-honduras\/","title":{"rendered":"Comienza la movilizaci\u00f3n nacional por la Semana Moraz\u00e1nica en Honduras"},"content":{"rendered":"\n<p>Miles de hondure\u00f1os iniciaron el s\u00e1bado sus desplazamientos hacia distintos destinos del pa\u00eds, anticip\u00e1ndose al feriado nacional que oficialmente comienza el lunes. El descanso, conocido como Semana Moraz\u00e1nica, integra tres fechas conmemorativas de octubre: el natalicio del pr\u00f3cer Francisco Moraz\u00e1n (3 de octubre), el Descubrimiento de Am\u00e9rica (12) y el D\u00eda de las Fuerzas Armadas (21).<\/p>\n\n\n\n<p>Como parte del impulso al turismo interno, el Gobierno autoriza cada a\u00f1o la extensi\u00f3n del asueto para empleados p\u00fablicos, sumando dos d\u00edas adicionales que se descuentan de sus vacaciones. Seg\u00fan estimaciones del sector tur\u00edstico, alrededor de dos millones de personas se movilizar\u00e1n durante esta semana, generando un notable dinamismo econ\u00f3mico.<\/p>\n\n\n\n<p>La Asociaci\u00f3n de Distribuidores de Productos de Petr\u00f3leo proyecta un incremento del 8 % en el consumo de combustible, reflejo del volumen de desplazamientos. Este movimiento favorece la ocupaci\u00f3n hotelera, la actividad en restaurantes y el comercio local, beneficiando a emprendedores y prestadores de servicios tur\u00edsticos.<\/p>\n\n\n\n<p>Para garantizar la seguridad vial y ciudadana, m\u00e1s de 28,600 personas de unas 20 instituciones estar\u00e1n desplegadas en 1,443 puntos de control a nivel nacional, seg\u00fan inform\u00f3 el Comit\u00e9 Nacional de Prevenci\u00f3n, coordinado por la Secretar\u00eda de Gesti\u00f3n de Riesgos y Contingencias.<\/p>\n\n\n\n<p>La empresa privada conceder\u00e1 descanso a sus trabajadores del mi\u00e9rcoles al viernes, mientras que algunos ciudadanos aprovechar\u00e1n la semana para viajar a pa\u00edses vecinos como El Salvador y Guatemala. Los empleados p\u00fablicos retomar\u00e1n sus labores el pr\u00f3ximo 6 de octubre. EFE<\/p>\n","protected":false},"excerpt":{"rendered":"<p>Miles de hondure\u00f1os iniciaron el s\u00e1bado sus desplazamientos hacia distintos destinos del pa\u00eds, anticip\u00e1ndose al feriado nacional que oficialmente comienza el lunes. El descanso, conocido como Semana Moraz\u00e1nica, integra tres fechas conmemorativas de octubre: el natalicio del pr\u00f3cer Francisco Moraz\u00e1n (3 de octubre), el Descubrimiento de Am\u00e9rica (12) y el D\u00eda de las Fuerzas Armadas [&hellip;]<\/p>\n","protected":false},"author":2,"featured_media":815,"comment_status":"closed","ping_status":"open","sticky":false,"template":"","format":"standard","meta":{"_seopress_robots_primary_cat":"","_seopress_titles_title":"","_seopress_titles_desc":"","_seopress_robots_index":"","footnotes":""},"categories":[22,23],"tags":[],"class_list":["post-814","post","type-post","status-publish","format-standard","has-post-thumbnail","hentry","category-economia","category-nacionales"],"_links":{"self":[{"href":"https:\/\/girasolmultimedios.com\/portal\/wp-json\/wp\/v2\/posts\/814","targetHints":{"allow":["GET"]}}],"collection":[{"href":"https:\/\/girasolmultimedios.com\/portal\/wp-json\/wp\/v2\/posts"}],"about":[{"href":"https:\/\/girasolmultimedios.com\/portal\/wp-json\/wp\/v2\/types\/post"}],"author":[{"embeddable":true,"href":"https:\/\/girasolmultimedios.com\/portal\/wp-json\/wp\/v2\/users\/2"}],"replies":[{"embeddable":true,"href":"https:\/\/girasolmultimedios.com\/portal\/wp-json\/wp\/v2\/comments?post=814"}],"version-history":[{"count":1,"href":"https:\/\/girasolmultimedios.com\/portal\/wp-json\/wp\/v2\/posts\/814\/revisions"}],"predecessor-version":[{"id":816,"href":"https:\/\/girasolmultimedios.com\/portal\/wp-json\/wp\/v2\/posts\/814\/revisions\/816"}],"wp:featuredmedia":[{"embeddable":true,"href":"https:\/\/girasolmultimedios.com\/portal\/wp-json\/wp\/v2\/media\/815"}],"wp:attachment":[{"href":"https:\/\/girasolmultimedios.com\/portal\/wp-json\/wp\/v2\/media?parent=814"}],"wp:term":[{"taxonomy":"category","embeddable":true,"href":"https:\/\/girasolmultimedios.com\/portal\/wp-json\/wp\/v2\/categories?post=814"},{"taxonomy":"post_tag","embeddable":true,"href":"https:\/\/girasolmultimedios.com\/portal\/wp-json\/wp\/v2\/tags?post=814"}],"curies":[{"name":"wp","href":"https:\/\/api.w.org\/{rel}","templated":true}]}}