{"id":817,"date":"2025-09-28T08:11:07","date_gmt":"2025-09-28T14:11:07","guid":{"rendered":"https:\/\/girasolmultimedios.com\/portal\/?p=817"},"modified":"2025-09-28T08:16:13","modified_gmt":"2025-09-28T14:16:13","slug":"hondureno-condenado-a-mas-de-27-anos-de-prision-por-feminicidio-y-tentativa-de-homicidio-en-copan","status":"publish","type":"post","link":"https:\/\/girasolmultimedios.com\/portal\/hondureno-condenado-a-mas-de-27-anos-de-prision-por-feminicidio-y-tentativa-de-homicidio-en-copan\/","title":{"rendered":"Hondure\u00f1o condenado a m\u00e1s de 27 a\u00f1os de prisi\u00f3n por feminicidio y tentativa de homicidio en Cop\u00e1n"},"content":{"rendered":"\n<p>El Tribunal de Sentencia de Santa Rosa de Cop\u00e1n impuso una condena de 27 a\u00f1os y tres meses de prisi\u00f3n a Olvin Mauricio Mart\u00ednez Coto, alias \u201cErlin Pav\u00f3n\u201d, por el asesinato de su expareja y el intento de homicidio de otra mujer en el municipio de Cucuyagua.<\/p>\n\n\n\n<p>Mart\u00ednez fue sentenciado a 18 a\u00f1os y 9 meses por feminicidio agravado, tras causar la muerte de Issis Josseline Alvarenga Acevedo con un machete. A esta pena se sumaron siete a\u00f1os por homicidio en grado de tentativa contra Reyna Castro, quien result\u00f3 gravemente herida, y un a\u00f1o y seis meses por allanamiento de morada agravado.<\/p>\n\n\n\n<figure class=\"wp-block-image size-large is-style-default\"><img loading=\"lazy\" decoding=\"async\" width=\"1024\" height=\"576\" src=\"https:\/\/girasolmultimedios.com\/portal\/wp-content\/uploads\/image-23-1024x576.png\" alt=\"Issis Alvarenga, una de las v\u00edctimas de esa noche de horror en Cucuyagua. Foto: redes sociales.\" class=\"wp-image-820\" srcset=\"https:\/\/girasolmultimedios.com\/portal\/wp-content\/uploads\/image-23-1024x576.png 1024w, https:\/\/girasolmultimedios.com\/portal\/wp-content\/uploads\/image-23-300x169.png 300w, https:\/\/girasolmultimedios.com\/portal\/wp-content\/uploads\/image-23-150x84.png 150w, https:\/\/girasolmultimedios.com\/portal\/wp-content\/uploads\/image-23-768x432.png 768w, https:\/\/girasolmultimedios.com\/portal\/wp-content\/uploads\/image-23.png 1280w\" sizes=\"auto, (max-width: 1024px) 100vw, 1024px\" \/><\/figure>\n\n\n\n<p>Los hechos ocurrieron el 21 de diciembre de 2021, cuando el acusado irrumpi\u00f3 violentamente en la vivienda de Castro, portando el arma con la que perpetr\u00f3 el ataque. La escena, seg\u00fan la Direcci\u00f3n Policial de Investigaciones, fue de extrema brutalidad y dej\u00f3 una profunda conmoci\u00f3n en la comunidad.<\/p>\n\n\n\n<p>El proceso judicial se desarroll\u00f3 bajo la figura de procedimiento abreviado, luego de que Mart\u00ednez admitiera los cargos. La Fiscal\u00eda Regional de Occidente present\u00f3 pruebas contundentes y testimonios que permitieron esclarecer los hechos y obtener la condena. Para el Ministerio P\u00fablico, esta sentencia representa un mensaje firme contra la violencia de g\u00e9nero, reafirmando el compromiso institucional de perseguir y sancionar con severidad los cr\u00edmenes que atentan contra la vida de las mujeres.<\/p>\n\n\n\n<p>Aunque la justicia no repara el da\u00f1o causado, el fallo judicial establece un precedente legal y social frente a la impunidad, en un pa\u00eds donde los feminicidios contin\u00faan siendo una grave preocupaci\u00f3n.<\/p>\n\n\n\n<p><\/p>\n","protected":false},"excerpt":{"rendered":"<p>El Tribunal de Sentencia de Santa Rosa de Cop\u00e1n impuso una condena de 27 a\u00f1os y tres meses de prisi\u00f3n a Olvin Mauricio Mart\u00ednez Coto, alias \u201cErlin Pav\u00f3n\u201d, por el asesinato de su expareja y el intento de homicidio de otra mujer en el municipio de Cucuyagua. Mart\u00ednez fue sentenciado a 18 a\u00f1os y 9 [&hellip;]<\/p>\n","protected":false},"author":2,"featured_media":818,"comment_status":"closed","ping_status":"open","sticky":false,"template":"","format":"standard","meta":{"_seopress_robots_primary_cat":"","_seopress_titles_title":"","_seopress_titles_desc":"","_seopress_robots_index":"","footnotes":""},"categories":[23],"tags":[25],"class_list":["post-817","post","type-post","status-publish","format-standard","has-post-thumbnail","hentry","category-nacionales","tag-honduras"],"_links":{"self":[{"href":"https:\/\/girasolmultimedios.com\/portal\/wp-json\/wp\/v2\/posts\/817","targetHints":{"allow":["GET"]}}],"collection":[{"href":"https:\/\/girasolmultimedios.com\/portal\/wp-json\/wp\/v2\/posts"}],"about":[{"href":"https:\/\/girasolmultimedios.com\/portal\/wp-json\/wp\/v2\/types\/post"}],"author":[{"embeddable":true,"href":"https:\/\/girasolmultimedios.com\/portal\/wp-json\/wp\/v2\/users\/2"}],"replies":[{"embeddable":true,"href":"https:\/\/girasolmultimedios.com\/portal\/wp-json\/wp\/v2\/comments?post=817"}],"version-history":[{"count":4,"href":"https:\/\/girasolmultimedios.com\/portal\/wp-json\/wp\/v2\/posts\/817\/revisions"}],"predecessor-version":[{"id":826,"href":"https:\/\/girasolmultimedios.com\/portal\/wp-json\/wp\/v2\/posts\/817\/revisions\/826"}],"wp:featuredmedia":[{"embeddable":true,"href":"https:\/\/girasolmultimedios.com\/portal\/wp-json\/wp\/v2\/media\/818"}],"wp:attachment":[{"href":"https:\/\/girasolmultimedios.com\/portal\/wp-json\/wp\/v2\/media?parent=817"}],"wp:term":[{"taxonomy":"category","embeddable":true,"href":"https:\/\/girasolmultimedios.com\/portal\/wp-json\/wp\/v2\/categories?post=817"},{"taxonomy":"post_tag","embeddable":true,"href":"https:\/\/girasolmultimedios.com\/portal\/wp-json\/wp\/v2\/tags?post=817"}],"curies":[{"name":"wp","href":"https:\/\/api.w.org\/{rel}","templated":true}]}}