{"id":834,"date":"2025-09-29T08:16:07","date_gmt":"2025-09-29T14:16:07","guid":{"rendered":"https:\/\/girasolmultimedios.com\/portal\/?p=834"},"modified":"2025-09-29T08:16:08","modified_gmt":"2025-09-29T14:16:08","slug":"filtracion-de-audio-expone-la-desesperacion-de-los-policias-atacados-en-colon","status":"publish","type":"post","link":"https:\/\/girasolmultimedios.com\/portal\/filtracion-de-audio-expone-la-desesperacion-de-los-policias-atacados-en-colon\/","title":{"rendered":"Filtraci\u00f3n de audio expone la desesperaci\u00f3n de los polic\u00edas atacados en Col\u00f3n"},"content":{"rendered":"\n<p>Un audio estremecedor divulgado este domingo dej\u00f3 al descubierto la tensi\u00f3n y desesperaci\u00f3n que vivieron varios polic\u00edas hondure\u00f1os durante la emboscada perpetrada en Lim\u00f3n,&nbsp;<a href=\"https:\/\/es.wikipedia.org\/wiki\/Departamento_de_Col%C3%B3n\">Col\u00f3n<\/a>, por una estructura criminal armada en la zona del litoral Caribe.<\/p>\n\n\n\n<p>En la grabaci\u00f3n se escuchan las s\u00faplicas de los uniformados mientras ped\u00edan refuerzos y orientaci\u00f3n a su base en medio del ataque. El hecho dej\u00f3 un agente muerto, otro desaparecido \u2014presuntamente secuestrado\u2014 y una agente herida.<\/p>\n\n\n\n<h4 class=\"wp-block-heading\"><strong>Voces en medio del ataque<\/strong><\/h4>\n\n\n\n<p>\u201cJefe, jefe, apoyo, apoyo. Nos est\u00e1n emboscando, son dos carros\u201d, grit\u00f3 uno de los polic\u00edas a trav\u00e9s de la radio, con voz quebrada por la urgencia.<\/p>\n\n\n\n<p>En medio de los disparos, insisti\u00f3: \u201cAyuda, jefe, mande gente. Ah, solo quedo con tres hombres ya\u201d.<\/p>\n\n\n\n<p>Desde la base policial, la respuesta busc\u00f3 mantener la calma: \u201cPaisano, saque a la gente de ah\u00ed. Si hay heridos, s\u00e1quelos ya. La ambulancia va en camino\u201d.<\/p>\n\n\n\n<h4 class=\"wp-block-heading\"><strong>Confirman la emboscada<\/strong><\/h4>\n\n\n\n<p>El portavoz de la Secretar\u00eda de Seguridad, comisionado Miguel Mart\u00ednez Madrid, confirm\u00f3 que los atacantes portaban fusiles AK-47 y forman parte de estructuras ligadas al narcotr\u00e1fico, extorsi\u00f3n, desplazamiento forzado y usurpaci\u00f3n de tierras sembradas de palma africana.<\/p>\n\n\n\n<p>Mart\u00ednez Madrid asegur\u00f3 que se despleg\u00f3 un fuerte operativo en la zona con el objetivo de dar con los responsables y rescatar al agente desaparecido.<\/p>\n\n\n\n<p>La emboscada ocurri\u00f3 cuando los polic\u00edas realizaban labores de protecci\u00f3n en el marco del estado de excepci\u00f3n parcial vigente en el pa\u00eds.<\/p>\n\n\n\n<p>Las investigaciones contin\u00faan para esclarecer el origen del ataque y llevar ante la justicia a los responsables.<\/p>\n","protected":false},"excerpt":{"rendered":"<p>Un audio estremecedor divulgado este domingo dej\u00f3 al descubierto la tensi\u00f3n y desesperaci\u00f3n que vivieron varios polic\u00edas hondure\u00f1os durante la emboscada perpetrada en Lim\u00f3n,&nbsp;Col\u00f3n, por una estructura criminal armada en la zona del litoral Caribe. En la grabaci\u00f3n se escuchan las s\u00faplicas de los uniformados mientras ped\u00edan refuerzos y orientaci\u00f3n a su base en medio [&hellip;]<\/p>\n","protected":false},"author":2,"featured_media":836,"comment_status":"closed","ping_status":"open","sticky":false,"template":"","format":"standard","meta":{"_seopress_robots_primary_cat":"","_seopress_titles_title":"","_seopress_titles_desc":"","_seopress_robots_index":"","footnotes":""},"categories":[23],"tags":[150],"class_list":["post-834","post","type-post","status-publish","format-standard","has-post-thumbnail","hentry","category-nacionales","tag-policia-nacional"],"_links":{"self":[{"href":"https:\/\/girasolmultimedios.com\/portal\/wp-json\/wp\/v2\/posts\/834","targetHints":{"allow":["GET"]}}],"collection":[{"href":"https:\/\/girasolmultimedios.com\/portal\/wp-json\/wp\/v2\/posts"}],"about":[{"href":"https:\/\/girasolmultimedios.com\/portal\/wp-json\/wp\/v2\/types\/post"}],"author":[{"embeddable":true,"href":"https:\/\/girasolmultimedios.com\/portal\/wp-json\/wp\/v2\/users\/2"}],"replies":[{"embeddable":true,"href":"https:\/\/girasolmultimedios.com\/portal\/wp-json\/wp\/v2\/comments?post=834"}],"version-history":[{"count":1,"href":"https:\/\/girasolmultimedios.com\/portal\/wp-json\/wp\/v2\/posts\/834\/revisions"}],"predecessor-version":[{"id":838,"href":"https:\/\/girasolmultimedios.com\/portal\/wp-json\/wp\/v2\/posts\/834\/revisions\/838"}],"wp:featuredmedia":[{"embeddable":true,"href":"https:\/\/girasolmultimedios.com\/portal\/wp-json\/wp\/v2\/media\/836"}],"wp:attachment":[{"href":"https:\/\/girasolmultimedios.com\/portal\/wp-json\/wp\/v2\/media?parent=834"}],"wp:term":[{"taxonomy":"category","embeddable":true,"href":"https:\/\/girasolmultimedios.com\/portal\/wp-json\/wp\/v2\/categories?post=834"},{"taxonomy":"post_tag","embeddable":true,"href":"https:\/\/girasolmultimedios.com\/portal\/wp-json\/wp\/v2\/tags?post=834"}],"curies":[{"name":"wp","href":"https:\/\/api.w.org\/{rel}","templated":true}]}}