{"id":837,"date":"2025-09-29T08:20:06","date_gmt":"2025-09-29T14:20:06","guid":{"rendered":"https:\/\/girasolmultimedios.com\/portal\/?p=837"},"modified":"2025-09-29T08:20:06","modified_gmt":"2025-09-29T14:20:06","slug":"las-malas-noticias-que-el-derbi-madrileno-dejo-a-xabi-alonso","status":"publish","type":"post","link":"https:\/\/girasolmultimedios.com\/portal\/las-malas-noticias-que-el-derbi-madrileno-dejo-a-xabi-alonso\/","title":{"rendered":"Las malas noticias que el Derbi Madrile\u00f1o dej\u00f3 a Xabi Alonso"},"content":{"rendered":"\n<p><strong>El Real Madrid se march\u00f3 del Estadio Metropolitano con un saldo m\u00e1s que negativo.<\/strong> No solo por la dura derrota 5-2 frente al Atl\u00e9tico de Madrid, que sacudi\u00f3 los cimientos de lo que Xabi Alonso hab\u00eda construido en un inicio perfecto de temporada, sino tambi\u00e9n por las graves consecuencias en materia de lesiones.<\/p>\n\n\n\n<p>El equipo blanco llegaba s\u00f3lido, con 7 victorias consecutivas, pero el golpe del conjunto de Diego Simeone hizo sonar las alarmas en Chamart\u00edn. A la ca\u00edda en el Derbi se sumaron las bajas de <strong>\u00c9der Militao<\/strong> y <strong>Dani Carvajal<\/strong>, dos piezas clave en la defensa. El brasile\u00f1o debi\u00f3 abandonar el campo en el complemento (reemplazado por Ra\u00fal Asencio), mientras que el lateral sali\u00f3 a los 15 minutos de la segunda parte (entr\u00f3 en su lugar Eduardo Camavinga).<\/p>\n\n\n\n<p>Ninguno podr\u00e1 estar disponible para el pr\u00f3ximo compromiso, que ser\u00e1 este martes 30 de septiembre, por la segunda jornada de la <strong>fase de grupos de la Champions League 2025\/26<\/strong>, frente al Kairat en el Ortalyq Stad\u0131on de Almaty, Kazajist\u00e1n. Lo m\u00e1s preocupante: su regreso no tiene fecha concreta y se estima que podr\u00edan pasar al menos cuatro semanas fuera de las canchas.<\/p>\n\n\n\n<p>Ambos se suman a una enfermer\u00eda ya cargada con las ausencias de <strong>Trent Alexander-Arnold, Antonio R\u00fcdiger y Ferland Mendy<\/strong>, dejando a Xabi Alonso con una defensa en cuadro.<\/p>\n\n\n\n<p>As\u00ed, los zagueros disponibles para el viaje a Kazajist\u00e1n son <strong>David Alaba, Ra\u00fal Asencio, \u00c1lvaro Carreras, Fran Garc\u00eda, Dean Huijsen y David Jim\u00e9nez<\/strong>. Ante este escenario, no se descarta que el entrenador opte por una variante t\u00e1ctica: retrasar a <strong>Federico Valverde<\/strong> al lateral derecho y ubicar en el mediocampo a <strong>Dani Ceballos o Eduardo Camavinga<\/strong> junto a <strong>Aur\u00e9lien Tchouam\u00e9ni<\/strong>.<\/p>\n\n\n\n<p><\/p>\n","protected":false},"excerpt":{"rendered":"<p>El Real Madrid se march\u00f3 del Estadio Metropolitano con un saldo m\u00e1s que negativo. No solo por la dura derrota 5-2 frente al Atl\u00e9tico de Madrid, que sacudi\u00f3 los cimientos de lo que Xabi Alonso hab\u00eda construido en un inicio perfecto de temporada, sino tambi\u00e9n por las graves consecuencias en materia de lesiones. El equipo [&hellip;]<\/p>\n","protected":false},"author":2,"featured_media":839,"comment_status":"closed","ping_status":"open","sticky":false,"template":"","format":"standard","meta":{"_seopress_robots_primary_cat":"","_seopress_titles_title":"","_seopress_titles_desc":"","_seopress_robots_index":"","footnotes":""},"categories":[27],"tags":[117,29,213],"class_list":["post-837","post","type-post","status-publish","format-standard","has-post-thumbnail","hentry","category-deportes","tag-la-liga","tag-real-madrid","tag-xabi-alonso"],"_links":{"self":[{"href":"https:\/\/girasolmultimedios.com\/portal\/wp-json\/wp\/v2\/posts\/837","targetHints":{"allow":["GET"]}}],"collection":[{"href":"https:\/\/girasolmultimedios.com\/portal\/wp-json\/wp\/v2\/posts"}],"about":[{"href":"https:\/\/girasolmultimedios.com\/portal\/wp-json\/wp\/v2\/types\/post"}],"author":[{"embeddable":true,"href":"https:\/\/girasolmultimedios.com\/portal\/wp-json\/wp\/v2\/users\/2"}],"replies":[{"embeddable":true,"href":"https:\/\/girasolmultimedios.com\/portal\/wp-json\/wp\/v2\/comments?post=837"}],"version-history":[{"count":1,"href":"https:\/\/girasolmultimedios.com\/portal\/wp-json\/wp\/v2\/posts\/837\/revisions"}],"predecessor-version":[{"id":840,"href":"https:\/\/girasolmultimedios.com\/portal\/wp-json\/wp\/v2\/posts\/837\/revisions\/840"}],"wp:featuredmedia":[{"embeddable":true,"href":"https:\/\/girasolmultimedios.com\/portal\/wp-json\/wp\/v2\/media\/839"}],"wp:attachment":[{"href":"https:\/\/girasolmultimedios.com\/portal\/wp-json\/wp\/v2\/media?parent=837"}],"wp:term":[{"taxonomy":"category","embeddable":true,"href":"https:\/\/girasolmultimedios.com\/portal\/wp-json\/wp\/v2\/categories?post=837"},{"taxonomy":"post_tag","embeddable":true,"href":"https:\/\/girasolmultimedios.com\/portal\/wp-json\/wp\/v2\/tags?post=837"}],"curies":[{"name":"wp","href":"https:\/\/api.w.org\/{rel}","templated":true}]}}