{"id":841,"date":"2025-09-29T08:35:44","date_gmt":"2025-09-29T14:35:44","guid":{"rendered":"https:\/\/girasolmultimedios.com\/portal\/?p=841"},"modified":"2025-09-29T08:35:44","modified_gmt":"2025-09-29T14:35:44","slug":"capturan-en-omoa-al-presunto-responsable-del-asesinato-de-los-duenos-de-un-supermercado","status":"publish","type":"post","link":"https:\/\/girasolmultimedios.com\/portal\/capturan-en-omoa-al-presunto-responsable-del-asesinato-de-los-duenos-de-un-supermercado\/","title":{"rendered":"Capturan en Omoa al presunto responsable del asesinato de los due\u00f1os de un supermercado"},"content":{"rendered":"\n<h3 class=\"wp-block-heading\">Capturan en Omoa a alias \u201cTiti\u201d, presunto cabecilla de la MS-13 vinculado a doble homicidio de empresarios<\/h3>\n\n\n\n<p>Un presunto integrante de la Mara Salvatrucha (MS-13), identificado como <strong>Cristian Alberto Molina Navarro<\/strong>, alias <em>\u201cTiti\u201d<\/em>, de 26 a\u00f1os, fue capturado este lunes en la aldea Cuyamel, municipio de Omoa, Cort\u00e9s.<\/p>\n\n\n\n<p>La <strong>Direcci\u00f3n Policial Anti Maras y Pandillas Contra el Crimen Organizado (Dipampco)<\/strong> inform\u00f3 que el detenido es considerado cabecilla de la estructura criminal en la zona norte y que desempe\u00f1aba el rol de gatillero.<\/p>\n\n\n\n<p>Seg\u00fan las investigaciones, alias <em>\u201cTiti\u201d<\/em> est\u00e1 vinculado directamente con el <strong>doble homicidio de los esposos Hern\u00e1n Wilfredo Santos Croasdaile y Dunia Marisol Callejas Perdomo<\/strong>, ocurrido el 28 de septiembre de 2024 en Omoa. La pareja, reconocida por ser propietaria de un supermercado, fue atacada cuando se transportaba en una camioneta Toyota Hilux roja. Dos sujetos a bordo de una motocicleta interceptaron el veh\u00edculo y uno de ellos dispar\u00f3 en repetidas ocasiones, provocando la muerte inmediata de los empresarios.<\/p>\n\n\n\n<p>El capturado ya ten\u00eda antecedentes policiales por <strong>esc\u00e1ndalo en v\u00eda p\u00fablica (2018 y 2019), tr\u00e1fico de drogas y portaci\u00f3n ilegal de armas de fuego<\/strong>, delitos por los cuales hab\u00eda sido detenido a inicios de 2025.<\/p>\n\n\n\n<p>Las autoridades se\u00f1alaron que la aprehensi\u00f3n fue posible gracias a varias semanas de investigaciones y labores de inteligencia en la zona. Alias <em>\u201cTiti\u201d<\/em> fue remitido a la Fiscal\u00eda, donde enfrentar\u00e1 cargos por los delitos que se le imputan.<\/p>\n","protected":false},"excerpt":{"rendered":"<p>Capturan en Omoa a alias \u201cTiti\u201d, presunto cabecilla de la MS-13 vinculado a doble homicidio de empresarios Un presunto integrante de la Mara Salvatrucha (MS-13), identificado como Cristian Alberto Molina Navarro, alias \u201cTiti\u201d, de 26 a\u00f1os, fue capturado este lunes en la aldea Cuyamel, municipio de Omoa, Cort\u00e9s. La Direcci\u00f3n Policial Anti Maras y Pandillas [&hellip;]<\/p>\n","protected":false},"author":2,"featured_media":846,"comment_status":"closed","ping_status":"open","sticky":false,"template":"","format":"standard","meta":{"_seopress_robots_primary_cat":"","_seopress_titles_title":"","_seopress_titles_desc":"","_seopress_robots_index":"","footnotes":""},"categories":[23],"tags":[25,214],"class_list":["post-841","post","type-post","status-publish","format-standard","has-post-thumbnail","hentry","category-nacionales","tag-honduras","tag-sucesos"],"_links":{"self":[{"href":"https:\/\/girasolmultimedios.com\/portal\/wp-json\/wp\/v2\/posts\/841","targetHints":{"allow":["GET"]}}],"collection":[{"href":"https:\/\/girasolmultimedios.com\/portal\/wp-json\/wp\/v2\/posts"}],"about":[{"href":"https:\/\/girasolmultimedios.com\/portal\/wp-json\/wp\/v2\/types\/post"}],"author":[{"embeddable":true,"href":"https:\/\/girasolmultimedios.com\/portal\/wp-json\/wp\/v2\/users\/2"}],"replies":[{"embeddable":true,"href":"https:\/\/girasolmultimedios.com\/portal\/wp-json\/wp\/v2\/comments?post=841"}],"version-history":[{"count":1,"href":"https:\/\/girasolmultimedios.com\/portal\/wp-json\/wp\/v2\/posts\/841\/revisions"}],"predecessor-version":[{"id":851,"href":"https:\/\/girasolmultimedios.com\/portal\/wp-json\/wp\/v2\/posts\/841\/revisions\/851"}],"wp:featuredmedia":[{"embeddable":true,"href":"https:\/\/girasolmultimedios.com\/portal\/wp-json\/wp\/v2\/media\/846"}],"wp:attachment":[{"href":"https:\/\/girasolmultimedios.com\/portal\/wp-json\/wp\/v2\/media?parent=841"}],"wp:term":[{"taxonomy":"category","embeddable":true,"href":"https:\/\/girasolmultimedios.com\/portal\/wp-json\/wp\/v2\/categories?post=841"},{"taxonomy":"post_tag","embeddable":true,"href":"https:\/\/girasolmultimedios.com\/portal\/wp-json\/wp\/v2\/tags?post=841"}],"curies":[{"name":"wp","href":"https:\/\/api.w.org\/{rel}","templated":true}]}}