{"id":842,"date":"2025-09-29T08:30:32","date_gmt":"2025-09-29T14:30:32","guid":{"rendered":"https:\/\/girasolmultimedios.com\/portal\/?p=842"},"modified":"2025-09-29T08:34:11","modified_gmt":"2025-09-29T14:34:11","slug":"se-espera-que-neymar-vuelva-a-jugar-en-noviembre","status":"publish","type":"post","link":"https:\/\/girasolmultimedios.com\/portal\/se-espera-que-neymar-vuelva-a-jugar-en-noviembre\/","title":{"rendered":"Se espera que Neymar vuelva a jugar en noviembre"},"content":{"rendered":"\n<p>El <strong>astro brasile\u00f1o Neymar<\/strong>, actualmente lesionado, <strong>podr\u00e1 reincorporarse al Santos de S\u00e3o Paulo en noviembre<\/strong>, durante la recta final del <strong>Brasileir\u00e3o<\/strong>, seg\u00fan confirm\u00f3 el presidente del club, <strong>Marcelo Teixeira<\/strong>.<\/p>\n\n\n\n<p>El dirigente explic\u00f3 que, de acuerdo con la evaluaci\u00f3n del <strong>cuerpo m\u00e9dico santista<\/strong>, el delantero de 33 a\u00f1os estar\u00eda disponible para disputar los \u00faltimos encuentros del torneo, el cual concluye el fin de semana del <strong>6 y 7 de diciembre<\/strong>, mientras el equipo pelea por evitar el descenso.<\/p>\n\n\n\n<p>\u00abDe acuerdo con las indicaciones del \u00e1rea m\u00e9dica, Neymar deber\u00eda regresar antes de que finalice el Brasileir\u00e3o para ayudar al plantel\u00bb, declar\u00f3 Teixeira al canal <em>De Olho no Peixe<\/em>.<\/p>\n\n\n\n<figure class=\"wp-block-image size-large\"><img alt=\"\" loading=\"lazy\" decoding=\"async\" width=\"1024\" height=\"709\" src=\"https:\/\/girasolmultimedios.com\/portal\/wp-content\/uploads\/neymar-lesionado-en-el-santos-1024x709.webp\" alt=\"\" class=\"wp-image-843\" srcset=\"https:\/\/girasolmultimedios.com\/portal\/wp-content\/uploads\/neymar-lesionado-en-el-santos-1024x709.webp 1024w, https:\/\/girasolmultimedios.com\/portal\/wp-content\/uploads\/neymar-lesionado-en-el-santos-300x208.webp 300w, https:\/\/girasolmultimedios.com\/portal\/wp-content\/uploads\/neymar-lesionado-en-el-santos-150x104.webp 150w, https:\/\/girasolmultimedios.com\/portal\/wp-content\/uploads\/neymar-lesionado-en-el-santos-768x532.webp 768w, https:\/\/girasolmultimedios.com\/portal\/wp-content\/uploads\/neymar-lesionado-en-el-santos.webp 1200w\" sizes=\"auto, (max-width: 1024px) 100vw, 1024px\" \/><\/figure>\n\n\n\n<p>El atacante sufri\u00f3 el pasado <strong>18 de septiembre<\/strong> una <strong>lesi\u00f3n de grado 2 en el recto femoral de la pierna derecha<\/strong> durante un entrenamiento. En ese momento, el departamento m\u00e9dico inform\u00f3 que el jugador deb\u00eda someterse a un proceso de <strong>fisioterapia de aproximadamente seis semanas<\/strong>.<\/p>\n\n\n\n<p>Desde su retorno al Santos a inicios de a\u00f1o, el delantero ha padecido <strong>varias lesiones<\/strong> que le han impedido consolidar continuidad en el club que lo vio nacer, justo cuando m\u00e1s lo necesita en su lucha por la permanencia en la primera divisi\u00f3n.<\/p>\n\n\n\n<p>En lo que va de temporada, Neymar ha jugado <strong>21 partidos oficiales<\/strong>, trece de ellos en el campeonato local, y ha convertido <strong>seis goles<\/strong>, tres en el Brasileir\u00e3o.<\/p>\n\n\n\n<p>Sus problemas f\u00edsicos tambi\u00e9n le han impedido volver a la <strong>selecci\u00f3n brasile\u00f1a<\/strong> en los \u00faltimos compromisos clasificatorios rumbo al Mundial 2026. El \u201c10\u201d no viste la camiseta de su pa\u00eds desde <strong>octubre de 2023<\/strong>, cuando sufri\u00f3 una grave lesi\u00f3n de rodilla en la derrota 2-0 ante <strong>Uruguay en Montevideo<\/strong>, percance que adem\u00e1s marc\u00f3 su irregular paso por el <strong>Al-Hilal saud\u00ed<\/strong>.<\/p>\n\n\n\n<p>Este domingo, el <strong>Peixe empat\u00f3 2-2<\/strong> en su visita al Bragantino, resultado que lo mantiene apenas fuera de la zona de descenso, con <strong>27 puntos<\/strong>, cinco m\u00e1s que el Juventude, primer club en la franja roja.<\/p>\n","protected":false},"excerpt":{"rendered":"<p>El astro brasile\u00f1o Neymar, actualmente lesionado, podr\u00e1 reincorporarse al Santos de S\u00e3o Paulo en noviembre, durante la recta final del Brasileir\u00e3o, seg\u00fan confirm\u00f3 el presidente del club, Marcelo Teixeira. El dirigente explic\u00f3 que, de acuerdo con la evaluaci\u00f3n del cuerpo m\u00e9dico santista, el delantero de 33 a\u00f1os estar\u00eda disponible para disputar los \u00faltimos encuentros del [&hellip;]<\/p>\n","protected":false},"author":2,"featured_media":844,"comment_status":"closed","ping_status":"open","sticky":false,"template":"","format":"standard","meta":{"_seopress_robots_primary_cat":"","_seopress_titles_title":"","_seopress_titles_desc":"","_seopress_robots_index":"","footnotes":""},"categories":[27],"tags":[144,206],"class_list":["post-842","post","type-post","status-publish","format-standard","has-post-thumbnail","hentry","category-deportes","tag-deportes","tag-mundial-2026"],"_links":{"self":[{"href":"https:\/\/girasolmultimedios.com\/portal\/wp-json\/wp\/v2\/posts\/842","targetHints":{"allow":["GET"]}}],"collection":[{"href":"https:\/\/girasolmultimedios.com\/portal\/wp-json\/wp\/v2\/posts"}],"about":[{"href":"https:\/\/girasolmultimedios.com\/portal\/wp-json\/wp\/v2\/types\/post"}],"author":[{"embeddable":true,"href":"https:\/\/girasolmultimedios.com\/portal\/wp-json\/wp\/v2\/users\/2"}],"replies":[{"embeddable":true,"href":"https:\/\/girasolmultimedios.com\/portal\/wp-json\/wp\/v2\/comments?post=842"}],"version-history":[{"count":1,"href":"https:\/\/girasolmultimedios.com\/portal\/wp-json\/wp\/v2\/posts\/842\/revisions"}],"predecessor-version":[{"id":845,"href":"https:\/\/girasolmultimedios.com\/portal\/wp-json\/wp\/v2\/posts\/842\/revisions\/845"}],"wp:featuredmedia":[{"embeddable":true,"href":"https:\/\/girasolmultimedios.com\/portal\/wp-json\/wp\/v2\/media\/844"}],"wp:attachment":[{"href":"https:\/\/girasolmultimedios.com\/portal\/wp-json\/wp\/v2\/media?parent=842"}],"wp:term":[{"taxonomy":"category","embeddable":true,"href":"https:\/\/girasolmultimedios.com\/portal\/wp-json\/wp\/v2\/categories?post=842"},{"taxonomy":"post_tag","embeddable":true,"href":"https:\/\/girasolmultimedios.com\/portal\/wp-json\/wp\/v2\/tags?post=842"}],"curies":[{"name":"wp","href":"https:\/\/api.w.org\/{rel}","templated":true}]}}