{"id":855,"date":"2025-09-29T08:47:28","date_gmt":"2025-09-29T14:47:28","guid":{"rendered":"https:\/\/girasolmultimedios.com\/portal\/?p=855"},"modified":"2025-09-29T08:47:28","modified_gmt":"2025-09-29T14:47:28","slug":"hasta-la-fecha-honduras-suma-176-mujeres-asesinadas","status":"publish","type":"post","link":"https:\/\/girasolmultimedios.com\/portal\/hasta-la-fecha-honduras-suma-176-mujeres-asesinadas\/","title":{"rendered":"Hasta la fecha, Honduras suma 176 mujeres asesinadas"},"content":{"rendered":"\n<p>Honduras ha registrado <strong>176 mujeres asesinadas en lo que va de 2025<\/strong>, de acuerdo con la defensora de los derechos de la mujer, <strong>Honorina Rodr\u00edguez<\/strong>. Esta cifra evidencia la <strong>grave problem\u00e1tica de violencia de g\u00e9nero<\/strong> que persiste en el pa\u00eds.<\/p>\n\n\n\n<p>Rodr\u00edguez calific\u00f3 la situaci\u00f3n como <strong>alarmante<\/strong>, subrayando que estas muertes deben ser una llamada de atenci\u00f3n no solo para las autoridades, sino tambi\u00e9n para toda la sociedad hondure\u00f1a. \u201c<strong>Las mujeres deben denunciar la violencia que enfrentan, porque hacerlo puede salvarles la vida<\/strong>\u201d, expres\u00f3.<\/p>\n\n\n\n<p>En la \u00faltima semana se reportaron al menos <strong>siete feminicidios<\/strong>, lo que equivale a un <strong>promedio de un caso por d\u00eda<\/strong>, a pesar del estado de excepci\u00f3n vigente, que hasta el momento <strong>no ha logrado reducir los cr\u00edmenes contra mujeres<\/strong>.<\/p>\n\n\n\n<p>El repunte de la violencia en Honduras se refleja no solo en los feminicidios, sino tambi\u00e9n en el incremento de homicidios, robos y otros delitos. La defensora exhort\u00f3 a las autoridades a <strong>reforzar las medidas de seguridad y protecci\u00f3n hacia las mujeres<\/strong>, as\u00ed como a implementar <strong>acciones m\u00e1s contundentes contra los agresores<\/strong>.<\/p>\n\n\n\n<p>Tanto las organizaciones de derechos humanos como sectores de la sociedad civil recalcan la necesidad de <strong>generar conciencia, fomentar la prevenci\u00f3n y promover la educaci\u00f3n en torno a la violencia de g\u00e9nero<\/strong>, con el fin de detener esta preocupante tendencia que amenaza la vida de mujeres en todo el territorio nacional.<\/p>\n","protected":false},"excerpt":{"rendered":"<p>Honduras ha registrado 176 mujeres asesinadas en lo que va de 2025, de acuerdo con la defensora de los derechos de la mujer, Honorina Rodr\u00edguez. Esta cifra evidencia la grave problem\u00e1tica de violencia de g\u00e9nero que persiste en el pa\u00eds. Rodr\u00edguez calific\u00f3 la situaci\u00f3n como alarmante, subrayando que estas muertes deben ser una llamada de [&hellip;]<\/p>\n","protected":false},"author":2,"featured_media":858,"comment_status":"closed","ping_status":"open","sticky":false,"template":"","format":"standard","meta":{"_seopress_robots_primary_cat":"","_seopress_titles_title":"","_seopress_titles_desc":"","_seopress_robots_index":"","footnotes":""},"categories":[23],"tags":[25,214],"class_list":["post-855","post","type-post","status-publish","format-standard","has-post-thumbnail","hentry","category-nacionales","tag-honduras","tag-sucesos"],"_links":{"self":[{"href":"https:\/\/girasolmultimedios.com\/portal\/wp-json\/wp\/v2\/posts\/855","targetHints":{"allow":["GET"]}}],"collection":[{"href":"https:\/\/girasolmultimedios.com\/portal\/wp-json\/wp\/v2\/posts"}],"about":[{"href":"https:\/\/girasolmultimedios.com\/portal\/wp-json\/wp\/v2\/types\/post"}],"author":[{"embeddable":true,"href":"https:\/\/girasolmultimedios.com\/portal\/wp-json\/wp\/v2\/users\/2"}],"replies":[{"embeddable":true,"href":"https:\/\/girasolmultimedios.com\/portal\/wp-json\/wp\/v2\/comments?post=855"}],"version-history":[{"count":1,"href":"https:\/\/girasolmultimedios.com\/portal\/wp-json\/wp\/v2\/posts\/855\/revisions"}],"predecessor-version":[{"id":859,"href":"https:\/\/girasolmultimedios.com\/portal\/wp-json\/wp\/v2\/posts\/855\/revisions\/859"}],"wp:featuredmedia":[{"embeddable":true,"href":"https:\/\/girasolmultimedios.com\/portal\/wp-json\/wp\/v2\/media\/858"}],"wp:attachment":[{"href":"https:\/\/girasolmultimedios.com\/portal\/wp-json\/wp\/v2\/media?parent=855"}],"wp:term":[{"taxonomy":"category","embeddable":true,"href":"https:\/\/girasolmultimedios.com\/portal\/wp-json\/wp\/v2\/categories?post=855"},{"taxonomy":"post_tag","embeddable":true,"href":"https:\/\/girasolmultimedios.com\/portal\/wp-json\/wp\/v2\/tags?post=855"}],"curies":[{"name":"wp","href":"https:\/\/api.w.org\/{rel}","templated":true}]}}