{"id":856,"date":"2025-09-29T08:51:09","date_gmt":"2025-09-29T14:51:09","guid":{"rendered":"https:\/\/girasolmultimedios.com\/portal\/?p=856"},"modified":"2025-09-29T08:51:10","modified_gmt":"2025-09-29T14:51:10","slug":"enfrentamientos-en-protestas-de-la-generacion-z-en-lima-dejan-al-menos-tres-heridos","status":"publish","type":"post","link":"https:\/\/girasolmultimedios.com\/portal\/enfrentamientos-en-protestas-de-la-generacion-z-en-lima-dejan-al-menos-tres-heridos\/","title":{"rendered":"Enfrentamientos en protestas de la \u2018Generaci\u00f3n Z\u2019 en Lima dejan al menos tres heridos"},"content":{"rendered":"\n<p>Una nueva movilizaci\u00f3n de la llamada \u2018Generaci\u00f3n Z\u2019, conformada por j\u00f3venes estudiantes y trabajadores, desencaden\u00f3 durante la noche de este domingo en fuertes enfrentamientos en el centro hist\u00f3rico de Lima con la Polic\u00eda Nacional del Per\u00fa (PNP), con un saldo de al menos tres personas heridas, entre ellas un agente, y denuncias de agresiones y dificultades para la cobertura de la prensa.<\/p>\n\n\n\n<p>Medios locales reportaron que los enfrentamientos se produjeron en la c\u00e9ntrica avenida Abancay, frente a la sede del Congreso, cuando los manifestantes intentaron sobrepasar las rejas met\u00e1licas de seguridad instaladas para impedir el acceso a la zona, para lo cual lanzaron objetos contundentes contra los cordones policiales.<\/p>\n\n\n\n<p>En los choques, resultaron heridos al menos dos j\u00f3venes manifestantes, uno de ellos en un brazo, seg\u00fan mostr\u00f3 el diario La Rep\u00fablica, mientras que la PNP inform\u00f3 de que uno de sus agentes fue herido en una pierna.<\/p>\n\n\n\n<figure class=\"wp-block-image size-large\"><img alt=\"\" loading=\"lazy\" decoding=\"async\" width=\"1024\" height=\"683\" src=\"https:\/\/girasolmultimedios.com\/portal\/wp-content\/uploads\/VNQKF63XH5AX5KYXWOXQIHWTKQ-1024x683.avif\" alt=\"\" class=\"wp-image-860\" srcset=\"https:\/\/girasolmultimedios.com\/portal\/wp-content\/uploads\/VNQKF63XH5AX5KYXWOXQIHWTKQ-1024x683.avif 1024w, https:\/\/girasolmultimedios.com\/portal\/wp-content\/uploads\/VNQKF63XH5AX5KYXWOXQIHWTKQ-300x200.avif 300w, https:\/\/girasolmultimedios.com\/portal\/wp-content\/uploads\/VNQKF63XH5AX5KYXWOXQIHWTKQ-150x100.avif 150w, https:\/\/girasolmultimedios.com\/portal\/wp-content\/uploads\/VNQKF63XH5AX5KYXWOXQIHWTKQ-768x512.avif 768w, https:\/\/girasolmultimedios.com\/portal\/wp-content\/uploads\/VNQKF63XH5AX5KYXWOXQIHWTKQ-1536x1024.avif 1536w, https:\/\/girasolmultimedios.com\/portal\/wp-content\/uploads\/VNQKF63XH5AX5KYXWOXQIHWTKQ-2048x1366.avif 2048w\" sizes=\"auto, (max-width: 1024px) 100vw, 1024px\" \/><\/figure>\n\n\n\n<h3 class=\"wp-block-heading\">Agresiones contra la prensa durante protestas en Lima<\/h3>\n\n\n\n<p>En medio de los enfrentamientos registrados este fin de semana en Lima, <strong>la Polic\u00eda intent\u00f3 impedir la cobertura de los medios de comunicaci\u00f3n<\/strong> con acciones violentas contra periodistas.<\/p>\n\n\n\n<p>Un <strong>fot\u00f3grafo colaborador de la agencia EFE<\/strong> fue rodeado por varios agentes que lo golpearon con sus varas, seg\u00fan denunciaron testigos.<\/p>\n\n\n\n<p>La hostilidad tambi\u00e9n qued\u00f3 registrada en vivo por <strong>Canal N<\/strong>, cuando su reportero <strong>V\u00edctor Castillo<\/strong> fue acosado y obligado a retirarse por uniformados. Mientras lo sacaban a empujones, el periodista exigi\u00f3 la identificaci\u00f3n del jefe policial presente. Uno de los agentes se\u00f1al\u00f3 ser el <em>\u201cmayor Arteta\u201d<\/em> y orden\u00f3 su salida inmediata de la zona.<\/p>\n","protected":false},"excerpt":{"rendered":"<p>Una nueva movilizaci\u00f3n de la llamada \u2018Generaci\u00f3n Z\u2019, conformada por j\u00f3venes estudiantes y trabajadores, desencaden\u00f3 durante la noche de este domingo en fuertes enfrentamientos en el centro hist\u00f3rico de Lima con la Polic\u00eda Nacional del Per\u00fa (PNP), con un saldo de al menos tres personas heridas, entre ellas un agente, y denuncias de agresiones y [&hellip;]<\/p>\n","protected":false},"author":2,"featured_media":857,"comment_status":"closed","ping_status":"open","sticky":false,"template":"","format":"standard","meta":{"_seopress_robots_primary_cat":"","_seopress_titles_title":"","_seopress_titles_desc":"","_seopress_robots_index":"","footnotes":""},"categories":[45],"tags":[216,215,200],"class_list":["post-856","post","type-post","status-publish","format-standard","has-post-thumbnail","hentry","category-internacionales","tag-lima-peru","tag-peru","tag-protestas"],"_links":{"self":[{"href":"https:\/\/girasolmultimedios.com\/portal\/wp-json\/wp\/v2\/posts\/856","targetHints":{"allow":["GET"]}}],"collection":[{"href":"https:\/\/girasolmultimedios.com\/portal\/wp-json\/wp\/v2\/posts"}],"about":[{"href":"https:\/\/girasolmultimedios.com\/portal\/wp-json\/wp\/v2\/types\/post"}],"author":[{"embeddable":true,"href":"https:\/\/girasolmultimedios.com\/portal\/wp-json\/wp\/v2\/users\/2"}],"replies":[{"embeddable":true,"href":"https:\/\/girasolmultimedios.com\/portal\/wp-json\/wp\/v2\/comments?post=856"}],"version-history":[{"count":1,"href":"https:\/\/girasolmultimedios.com\/portal\/wp-json\/wp\/v2\/posts\/856\/revisions"}],"predecessor-version":[{"id":861,"href":"https:\/\/girasolmultimedios.com\/portal\/wp-json\/wp\/v2\/posts\/856\/revisions\/861"}],"wp:featuredmedia":[{"embeddable":true,"href":"https:\/\/girasolmultimedios.com\/portal\/wp-json\/wp\/v2\/media\/857"}],"wp:attachment":[{"href":"https:\/\/girasolmultimedios.com\/portal\/wp-json\/wp\/v2\/media?parent=856"}],"wp:term":[{"taxonomy":"category","embeddable":true,"href":"https:\/\/girasolmultimedios.com\/portal\/wp-json\/wp\/v2\/categories?post=856"},{"taxonomy":"post_tag","embeddable":true,"href":"https:\/\/girasolmultimedios.com\/portal\/wp-json\/wp\/v2\/tags?post=856"}],"curies":[{"name":"wp","href":"https:\/\/api.w.org\/{rel}","templated":true}]}}