{"id":863,"date":"2025-09-29T09:41:41","date_gmt":"2025-09-29T15:41:41","guid":{"rendered":"https:\/\/girasolmultimedios.com\/portal\/?p=863"},"modified":"2025-09-29T09:41:42","modified_gmt":"2025-09-29T15:41:42","slug":"supuesto-ladron-trato-de-evadir-a-la-policia-corriendo-sobre-negocios-en-sps","status":"publish","type":"post","link":"https:\/\/girasolmultimedios.com\/portal\/supuesto-ladron-trato-de-evadir-a-la-policia-corriendo-sobre-negocios-en-sps\/","title":{"rendered":"Supuesto ladr\u00f3n trat\u00f3 de evadir a la Polic\u00eda corriendo sobre negocios en SPS"},"content":{"rendered":"\n<p>Agentes de la <strong>Polic\u00eda Nacional protagonizaron una persecuci\u00f3n en\u00e9rgica<\/strong> en pleno centro de San Pedro Sula, luego de que un <strong>individuo se\u00f1alado como presunto ladr\u00f3n<\/strong> intentara escapar corriendo sobre los techos de varios comercios y puestos locales.<\/p>\n\n\n\n<p>El suceso qued\u00f3 registrado en <strong>videos que r\u00e1pidamente se viralizaron en redes sociales<\/strong>, donde se aprecia al sospechoso huyendo mientras los polic\u00edas lo siguen de cerca.<\/p>\n\n\n\n<p>Las autoridades comunicaron que se mantienen las <strong>indagaciones para establecer la identidad del sujeto<\/strong> y determinar si estar\u00eda vinculado a alguna <strong>banda delictiva activa en la zona<\/strong>.<\/p>\n\n\n\n<p>La persecuci\u00f3n caus\u00f3 <strong>asombro entre transe\u00fantes y comerciantes<\/strong>, muchos de los cuales grabaron la escena desde diferentes perspectivas.<\/p>\n\n\n\n<p><\/p>\n","protected":false},"excerpt":{"rendered":"<p>Agentes de la Polic\u00eda Nacional protagonizaron una persecuci\u00f3n en\u00e9rgica en pleno centro de San Pedro Sula, luego de que un individuo se\u00f1alado como presunto ladr\u00f3n intentara escapar corriendo sobre los techos de varios comercios y puestos locales. El suceso qued\u00f3 registrado en videos que r\u00e1pidamente se viralizaron en redes sociales, donde se aprecia al sospechoso [&hellip;]<\/p>\n","protected":false},"author":2,"featured_media":866,"comment_status":"closed","ping_status":"open","sticky":false,"template":"","format":"standard","meta":{"_seopress_robots_primary_cat":"","_seopress_titles_title":"","_seopress_titles_desc":"","_seopress_robots_index":"","footnotes":""},"categories":[23],"tags":[150],"class_list":["post-863","post","type-post","status-publish","format-standard","has-post-thumbnail","hentry","category-nacionales","tag-policia-nacional"],"_links":{"self":[{"href":"https:\/\/girasolmultimedios.com\/portal\/wp-json\/wp\/v2\/posts\/863","targetHints":{"allow":["GET"]}}],"collection":[{"href":"https:\/\/girasolmultimedios.com\/portal\/wp-json\/wp\/v2\/posts"}],"about":[{"href":"https:\/\/girasolmultimedios.com\/portal\/wp-json\/wp\/v2\/types\/post"}],"author":[{"embeddable":true,"href":"https:\/\/girasolmultimedios.com\/portal\/wp-json\/wp\/v2\/users\/2"}],"replies":[{"embeddable":true,"href":"https:\/\/girasolmultimedios.com\/portal\/wp-json\/wp\/v2\/comments?post=863"}],"version-history":[{"count":1,"href":"https:\/\/girasolmultimedios.com\/portal\/wp-json\/wp\/v2\/posts\/863\/revisions"}],"predecessor-version":[{"id":867,"href":"https:\/\/girasolmultimedios.com\/portal\/wp-json\/wp\/v2\/posts\/863\/revisions\/867"}],"wp:featuredmedia":[{"embeddable":true,"href":"https:\/\/girasolmultimedios.com\/portal\/wp-json\/wp\/v2\/media\/866"}],"wp:attachment":[{"href":"https:\/\/girasolmultimedios.com\/portal\/wp-json\/wp\/v2\/media?parent=863"}],"wp:term":[{"taxonomy":"category","embeddable":true,"href":"https:\/\/girasolmultimedios.com\/portal\/wp-json\/wp\/v2\/categories?post=863"},{"taxonomy":"post_tag","embeddable":true,"href":"https:\/\/girasolmultimedios.com\/portal\/wp-json\/wp\/v2\/tags?post=863"}],"curies":[{"name":"wp","href":"https:\/\/api.w.org\/{rel}","templated":true}]}}