{"id":871,"date":"2025-09-29T13:03:59","date_gmt":"2025-09-29T19:03:59","guid":{"rendered":"https:\/\/girasolmultimedios.com\/portal\/?p=871"},"modified":"2025-09-29T13:03:59","modified_gmt":"2025-09-29T19:03:59","slug":"el-canciller-de-honduras-dice-que-es-imperativo-reformar-la-carta-constitutiva-de-la-onu","status":"publish","type":"post","link":"https:\/\/girasolmultimedios.com\/portal\/el-canciller-de-honduras-dice-que-es-imperativo-reformar-la-carta-constitutiva-de-la-onu\/","title":{"rendered":"El canciller de Honduras dice que es imperativo reformar la Carta Constitutiva de la ONU"},"content":{"rendered":"\n<p>El canciller de Honduras, Javier Bu, dijo este lunes en la ONU que \u00abes imperativo reformar\u00bb la \u00abCarta Constitutiva\u00bb de la Organizaci\u00f3n de las Naciones Unidas, democratizando el Consejo de Seguridad.<\/p>\n\n\n\n<p>\u00abSi queremos que las Naciones Unidas sobreviva como garante de la paz y no como un espectador imponente, es imperativo reformar su Carta Constitutiva, por ello Honduras se une al clamor del sur global que exige una transformaci\u00f3n estructural de la Carta de Naciones Unidas democratizando el Consejo de Seguridad para devolverle legitimidad, eficacia y justicia a la cumbre de las naciones del mundo\u00bb, subray\u00f3 Bu.<\/p>\n\n\n\n<p>El diplom\u00e1tico represent\u00f3 en la Asamblea General de las Naciones Unidas a la presidenta de Honduras, Xiomara Castro.<\/p>\n\n\n\n<p>Bu propuso ante el organismo mundial \u00abampliar la composici\u00f3n de miembros permanentes y no permanentes (del Consejo de Seguridad de la ONU), asegurando una representaci\u00f3n regional equitativa, eliminar el derecho a veto, sobre todo cuando se busca la paz, se exige el alto al fuego o se impide actuar frente a genocidios\u00bb y \u00abfortalecer el rol de la Asamblea General dot\u00e1ndola de un mayor poder vinculante en las decisiones sobre paz, seguridad y desarrollo\u00bb.<\/p>\n\n\n\n<p>Honduras tambi\u00e9n propuso abrir los espacios de decisi\u00f3n a mujeres, pueblos ind\u00edgenas, juventudes y di\u00e1sporas, cuya voz sigue siendo marginada.<\/p>\n\n\n\n<p>\u00abHonduras no acepta m\u00e1s excusas, no callaremos ante la injusticia, las normas del orden internacional no pueden seguir siendo definidas por la l\u00f3gica de la guerra, la hegemon\u00eda del capital o la conveniencia estrat\u00e9gica de los m\u00e1s poderosos, tienen que reflejar el anhelo universal de los pueblos de vivir en paz, en democracia, con dignidad y libertad\u00bb, recalc\u00f3 Bu.<\/p>\n\n\n\n<p>Adem\u00e1s, denunci\u00f3 que \u00ablas decisiones m\u00e1s trascendentales sobre la paz y la seguridad internacionales siguen secuestradas en manos de cinco miembros permanentes del Consejo de Seguridad\u00bb, por lo que \u00absu poder se ve convertido en un privilegio anacr\u00f3nico\u00bb.<\/p>\n\n\n\n<p>\u00abHan paralizado la acci\u00f3n colectiva y los llamados a la paz en diferentes partes del mundo y permitido cubrir con impunidad a los que cometen cr\u00edmenes de guerra. La ONU no puede seguir siendo reh\u00e9n de intereses particulares, ni c\u00f3mplice por omisi\u00f3n de la destrucci\u00f3n de pueblos enteros\u00bb, recalc\u00f3 el alto funcionario hondure\u00f1o.<\/p>\n\n\n\n<p>Honduras tambi\u00e9n conden\u00f3 \u00abtoda forma de ocupaci\u00f3n extranjera y amenazas de injerencia militar en nuestro hemisferio\u00bb, porque son acciones que \u00abconsisten en la negaci\u00f3n del derecho de los pueblos a constituirse en Estados libres y soberanos\u00bb, y ratific\u00f3 su \u00abreconocimiento del Estado de Palestina en coherencia con el compromiso hist\u00f3rico y con nuestra postura inquebrantable a favor de la paz, la seguridad y la convivencia de dos estados en el Oriente Medio\u00bb.<\/p>\n\n\n\n<p>Adem\u00e1s, como en a\u00f1os anteriores, rechaz\u00f3 en la Asamblea General de las Naciones Unidas el bloqueo durante d\u00e9cadas contra Cuba.<\/p>\n\n\n\n<p>Entre otras cosas, Bu destac\u00f3 algunos logros internos del Gobierno que preside Xiomara Castro y que Honduras tendr\u00e1 elecciones libres y t<\/p>\n\n\n\n<p>&#8211; <strong>Fuente: Agencia EFE<\/strong><\/p>\n","protected":false},"excerpt":{"rendered":"<p>El canciller de Honduras, Javier Bu, dijo este lunes en la ONU que \u00abes imperativo reformar\u00bb la \u00abCarta Constitutiva\u00bb de la Organizaci\u00f3n de las Naciones Unidas, democratizando el Consejo de Seguridad. \u00abSi queremos que las Naciones Unidas sobreviva como garante de la paz y no como un espectador imponente, es imperativo reformar su Carta Constitutiva, [&hellip;]<\/p>\n","protected":false},"author":2,"featured_media":873,"comment_status":"closed","ping_status":"open","sticky":false,"template":"","format":"standard","meta":{"_seopress_robots_primary_cat":"","_seopress_titles_title":"","_seopress_titles_desc":"","_seopress_robots_index":"","footnotes":""},"categories":[23],"tags":[221,220,78],"class_list":["post-871","post","type-post","status-publish","format-standard","has-post-thumbnail","hentry","category-nacionales","tag-asamblea-general","tag-javier-bu","tag-onu"],"_links":{"self":[{"href":"https:\/\/girasolmultimedios.com\/portal\/wp-json\/wp\/v2\/posts\/871","targetHints":{"allow":["GET"]}}],"collection":[{"href":"https:\/\/girasolmultimedios.com\/portal\/wp-json\/wp\/v2\/posts"}],"about":[{"href":"https:\/\/girasolmultimedios.com\/portal\/wp-json\/wp\/v2\/types\/post"}],"author":[{"embeddable":true,"href":"https:\/\/girasolmultimedios.com\/portal\/wp-json\/wp\/v2\/users\/2"}],"replies":[{"embeddable":true,"href":"https:\/\/girasolmultimedios.com\/portal\/wp-json\/wp\/v2\/comments?post=871"}],"version-history":[{"count":1,"href":"https:\/\/girasolmultimedios.com\/portal\/wp-json\/wp\/v2\/posts\/871\/revisions"}],"predecessor-version":[{"id":874,"href":"https:\/\/girasolmultimedios.com\/portal\/wp-json\/wp\/v2\/posts\/871\/revisions\/874"}],"wp:featuredmedia":[{"embeddable":true,"href":"https:\/\/girasolmultimedios.com\/portal\/wp-json\/wp\/v2\/media\/873"}],"wp:attachment":[{"href":"https:\/\/girasolmultimedios.com\/portal\/wp-json\/wp\/v2\/media?parent=871"}],"wp:term":[{"taxonomy":"category","embeddable":true,"href":"https:\/\/girasolmultimedios.com\/portal\/wp-json\/wp\/v2\/categories?post=871"},{"taxonomy":"post_tag","embeddable":true,"href":"https:\/\/girasolmultimedios.com\/portal\/wp-json\/wp\/v2\/tags?post=871"}],"curies":[{"name":"wp","href":"https:\/\/api.w.org\/{rel}","templated":true}]}}