{"id":890,"date":"2025-09-29T14:17:34","date_gmt":"2025-09-29T20:17:34","guid":{"rendered":"https:\/\/girasolmultimedios.com\/portal\/?p=890"},"modified":"2025-09-29T14:17:34","modified_gmt":"2025-09-29T20:17:34","slug":"tegucigalpa-conmemora-447-anos-de-fundacion-con-misa-en-honor-a-su-patrono-san-miguel-arcangel","status":"publish","type":"post","link":"https:\/\/girasolmultimedios.com\/portal\/tegucigalpa-conmemora-447-anos-de-fundacion-con-misa-en-honor-a-su-patrono-san-miguel-arcangel\/","title":{"rendered":"Tegucigalpa conmemora 447 a\u00f1os de fundaci\u00f3n con misa en honor a su patrono San Miguel Arc\u00e1ngel"},"content":{"rendered":"\n<p>La capital hondure\u00f1a celebra este lunes su 447 aniversario con una misa solemne dedicada a San Miguel Arc\u00e1ngel, considerado patrono y protector de la ciudad.<\/p>\n\n\n\n<p>La ceremonia central est\u00e1 programada para las 11:00 de la ma\u00f1ana en la Catedral de San Miguel Arc\u00e1ngel, ubicada en el coraz\u00f3n del centro hist\u00f3rico. Al acto asistir\u00e1n autoridades locales, l\u00edderes de la Iglesia cat\u00f3lica y numerosos fieles que se sumar\u00e1n a la conmemoraci\u00f3n.<\/p>\n\n\n\n<p>Las actividades festivas comenzaron desde el fin de semana, con el tradicional carnaval capitalino, desfiles y espect\u00e1culos art\u00edsticos que dieron un ambiente de m\u00fasica y color a las calles de Tegucigalpa.<\/p>\n\n\n\n<p>Aunque la celebraci\u00f3n popular ya se vivi\u00f3 con entusiasmo, la fecha central se concentra en este lunes, cuando la Iglesia honra a San Miguel Arc\u00e1ngel como guardi\u00e1n espiritual de la ciudad.<\/p>\n\n\n\n<p>Tanto autoridades municipales como religiosas invitaron a la ciudadan\u00eda a participar en la eucarist\u00eda, resaltando la importancia de mantener viva esta tradici\u00f3n que ha unido a generaciones de capitalinos a lo largo de m\u00e1s de cuatro siglos.<\/p>\n","protected":false},"excerpt":{"rendered":"<p>La capital hondure\u00f1a celebra este lunes su 447 aniversario con una misa solemne dedicada a San Miguel Arc\u00e1ngel, considerado patrono y protector de la ciudad. La ceremonia central est\u00e1 programada para las 11:00 de la ma\u00f1ana en la Catedral de San Miguel Arc\u00e1ngel, ubicada en el coraz\u00f3n del centro hist\u00f3rico. Al acto asistir\u00e1n autoridades locales, [&hellip;]<\/p>\n","protected":false},"author":2,"featured_media":891,"comment_status":"closed","ping_status":"open","sticky":false,"template":"","format":"standard","meta":{"_seopress_robots_primary_cat":"","_seopress_titles_title":"","_seopress_titles_desc":"","_seopress_robots_index":"","footnotes":""},"categories":[23],"tags":[228],"class_list":["post-890","post","type-post","status-publish","format-standard","has-post-thumbnail","hentry","category-nacionales","tag-san-miguel-arcangel"],"_links":{"self":[{"href":"https:\/\/girasolmultimedios.com\/portal\/wp-json\/wp\/v2\/posts\/890","targetHints":{"allow":["GET"]}}],"collection":[{"href":"https:\/\/girasolmultimedios.com\/portal\/wp-json\/wp\/v2\/posts"}],"about":[{"href":"https:\/\/girasolmultimedios.com\/portal\/wp-json\/wp\/v2\/types\/post"}],"author":[{"embeddable":true,"href":"https:\/\/girasolmultimedios.com\/portal\/wp-json\/wp\/v2\/users\/2"}],"replies":[{"embeddable":true,"href":"https:\/\/girasolmultimedios.com\/portal\/wp-json\/wp\/v2\/comments?post=890"}],"version-history":[{"count":1,"href":"https:\/\/girasolmultimedios.com\/portal\/wp-json\/wp\/v2\/posts\/890\/revisions"}],"predecessor-version":[{"id":892,"href":"https:\/\/girasolmultimedios.com\/portal\/wp-json\/wp\/v2\/posts\/890\/revisions\/892"}],"wp:featuredmedia":[{"embeddable":true,"href":"https:\/\/girasolmultimedios.com\/portal\/wp-json\/wp\/v2\/media\/891"}],"wp:attachment":[{"href":"https:\/\/girasolmultimedios.com\/portal\/wp-json\/wp\/v2\/media?parent=890"}],"wp:term":[{"taxonomy":"category","embeddable":true,"href":"https:\/\/girasolmultimedios.com\/portal\/wp-json\/wp\/v2\/categories?post=890"},{"taxonomy":"post_tag","embeddable":true,"href":"https:\/\/girasolmultimedios.com\/portal\/wp-json\/wp\/v2\/tags?post=890"}],"curies":[{"name":"wp","href":"https:\/\/api.w.org\/{rel}","templated":true}]}}