{"id":893,"date":"2025-09-29T14:21:53","date_gmt":"2025-09-29T20:21:53","guid":{"rendered":"https:\/\/girasolmultimedios.com\/portal\/?p=893"},"modified":"2025-09-29T14:21:54","modified_gmt":"2025-09-29T20:21:54","slug":"copeco-alerta-por-lluvias-y-tormentas-electricas-debido-al-paso-de-onda-tropical","status":"publish","type":"post","link":"https:\/\/girasolmultimedios.com\/portal\/copeco-alerta-por-lluvias-y-tormentas-electricas-debido-al-paso-de-onda-tropical\/","title":{"rendered":"Copeco alerta por lluvias y tormentas el\u00e9ctricas debido al paso de onda tropical"},"content":{"rendered":"\n<p>La Secretar\u00eda de Gesti\u00f3n de Riesgos y Contingencias Nacionales (Copeco) advirti\u00f3 que el ingreso de una onda tropical provocar\u00e1 lluvias de diversa intensidad y tormentas el\u00e9ctricas en gran parte del pa\u00eds.<\/p>\n\n\n\n<p>De acuerdo con el pron\u00f3stico, las precipitaciones se presentar\u00e1n de forma dispersa, con acumulados m\u00e1s fuertes en las zonas occidental, central, sur y oriental.<\/p>\n\n\n\n<p>En cuanto a las temperaturas, se esperan los siguientes registros:<\/p>\n\n\n\n<ul class=\"wp-block-list\">\n<li><strong>Tegucigalpa:<\/strong> entre 20 \u00b0C y 28 \u00b0C<\/li>\n\n\n\n<li><strong>Zona sur:<\/strong> entre 24 \u00b0C y 32 \u00b0C<\/li>\n\n\n\n<li><strong>Zona central:<\/strong> entre 22 \u00b0C y 31 \u00b0C<\/li>\n\n\n\n<li><strong>Zona norte:<\/strong> entre 24 \u00b0C y 33 \u00b0C<\/li>\n\n\n\n<li><strong>Zona insular:<\/strong> entre 28 \u00b0C y 32 \u00b0C<\/li>\n\n\n\n<li><strong>Zona oriental:<\/strong> entre 22 \u00b0C y 31 \u00b0C<\/li>\n\n\n\n<li><strong>Zona occidental:<\/strong> entre 15 \u00b0C y 31 \u00b0C<\/li>\n<\/ul>\n\n\n\n<p>El informe tambi\u00e9n se\u00f1ala que la fase lunar en cuarto creciente podr\u00eda incidir en las mareas. En el mar Caribe se prev\u00e9n olas de 1 a 3 pies, mientras que en el Golfo de Fonseca alcanzar\u00e1n entre 2 y 4 pies.<\/p>\n\n\n\n<p>El sol saldr\u00e1 a las 5:38 a. m. y se ocultar\u00e1 a las 5:43 p. m.<\/p>\n\n\n\n<p>Copeco inst\u00f3 a la poblaci\u00f3n a seguir las actualizaciones oficiales y a tomar precauciones frente a los efectos de las lluvias y tormentas el\u00e9ctricas.<\/p>\n","protected":false},"excerpt":{"rendered":"<p>La Secretar\u00eda de Gesti\u00f3n de Riesgos y Contingencias Nacionales (Copeco) advirti\u00f3 que el ingreso de una onda tropical provocar\u00e1 lluvias de diversa intensidad y tormentas el\u00e9ctricas en gran parte del pa\u00eds. De acuerdo con el pron\u00f3stico, las precipitaciones se presentar\u00e1n de forma dispersa, con acumulados m\u00e1s fuertes en las zonas occidental, central, sur y oriental. [&hellip;]<\/p>\n","protected":false},"author":2,"featured_media":894,"comment_status":"closed","ping_status":"open","sticky":false,"template":"","format":"standard","meta":{"_seopress_robots_primary_cat":"","_seopress_titles_title":"","_seopress_titles_desc":"","_seopress_robots_index":"","footnotes":""},"categories":[23],"tags":[33],"class_list":["post-893","post","type-post","status-publish","format-standard","has-post-thumbnail","hentry","category-nacionales","tag-copeco"],"_links":{"self":[{"href":"https:\/\/girasolmultimedios.com\/portal\/wp-json\/wp\/v2\/posts\/893","targetHints":{"allow":["GET"]}}],"collection":[{"href":"https:\/\/girasolmultimedios.com\/portal\/wp-json\/wp\/v2\/posts"}],"about":[{"href":"https:\/\/girasolmultimedios.com\/portal\/wp-json\/wp\/v2\/types\/post"}],"author":[{"embeddable":true,"href":"https:\/\/girasolmultimedios.com\/portal\/wp-json\/wp\/v2\/users\/2"}],"replies":[{"embeddable":true,"href":"https:\/\/girasolmultimedios.com\/portal\/wp-json\/wp\/v2\/comments?post=893"}],"version-history":[{"count":1,"href":"https:\/\/girasolmultimedios.com\/portal\/wp-json\/wp\/v2\/posts\/893\/revisions"}],"predecessor-version":[{"id":895,"href":"https:\/\/girasolmultimedios.com\/portal\/wp-json\/wp\/v2\/posts\/893\/revisions\/895"}],"wp:featuredmedia":[{"embeddable":true,"href":"https:\/\/girasolmultimedios.com\/portal\/wp-json\/wp\/v2\/media\/894"}],"wp:attachment":[{"href":"https:\/\/girasolmultimedios.com\/portal\/wp-json\/wp\/v2\/media?parent=893"}],"wp:term":[{"taxonomy":"category","embeddable":true,"href":"https:\/\/girasolmultimedios.com\/portal\/wp-json\/wp\/v2\/categories?post=893"},{"taxonomy":"post_tag","embeddable":true,"href":"https:\/\/girasolmultimedios.com\/portal\/wp-json\/wp\/v2\/tags?post=893"}],"curies":[{"name":"wp","href":"https:\/\/api.w.org\/{rel}","templated":true}]}}