{"id":896,"date":"2025-09-29T14:27:48","date_gmt":"2025-09-29T20:27:48","guid":{"rendered":"https:\/\/girasolmultimedios.com\/portal\/?p=896"},"modified":"2025-09-29T14:28:13","modified_gmt":"2025-09-29T20:28:13","slug":"cne-presenta-papeletas-gigantes-de-fm-y-cortes-en-medio-de-polemica-por-sustituciones","status":"publish","type":"post","link":"https:\/\/girasolmultimedios.com\/portal\/cne-presenta-papeletas-gigantes-de-fm-y-cortes-en-medio-de-polemica-por-sustituciones\/","title":{"rendered":"CNE presenta papeletas gigantes de FM y Cort\u00e9s en medio de pol\u00e9mica por sustituciones"},"content":{"rendered":"\n<p>El Consejo Nacional Electoral (CNE) comenz\u00f3 a socializar el dise\u00f1o de las papeletas electorales de los departamentos de Francisco Moraz\u00e1n y Cort\u00e9s, conocidas ya como aut\u00e9nticas \u201cs\u00e1banas\u201d por su extensi\u00f3n, debido al alto n\u00famero de candidatos que buscan un esca\u00f1o en el Congreso Nacional.<\/p>\n\n\n\n<p>Ambos departamentos concentran casi la mitad del electorado hondure\u00f1o, con 23 y 20 diputaciones respectivamente, lo que equivale a un tercio de los 128 curules legislativos. En la contienda participan cinco partidos pol\u00edticos \u2014Nacional, Liberal, Democracia Cristiana, Innovaci\u00f3n y Unidad, y LIBRE\u2014 que suman m\u00e1s de 20 mil postulaciones entre cargos a presidente, designados, diputados, alcaldes y corporaciones municipales.<\/p>\n\n\n\n<p>El organismo colegiado record\u00f3 a los candidatos que todav\u00eda tienen tiempo para corregir errores en las papeletas, especialmente la inclusi\u00f3n de fotograf\u00edas, con el fin de evitar casillas en blanco como ha sucedido en procesos anteriores.<\/p>\n\n\n\n<p>En paralelo, el CNE divulg\u00f3 ejemplos de boletas correspondientes a Francisco Moraz\u00e1n, Olancho y Santa B\u00e1rbara, al tiempo que abri\u00f3 el proceso de licitaci\u00f3n para las imprentas. Tambi\u00e9n se dio a conocer el dise\u00f1o de la papeleta para la alcald\u00eda de San Pedro Sula.<\/p>\n\n\n\n<h3 class=\"wp-block-heading\">Pol\u00e9mica por sustituciones<\/h3>\n\n\n\n<p>La publicaci\u00f3n de estas papeletas desat\u00f3 controversia, ya que incluyen nombres de candidatos incorporados mediante sustituci\u00f3n, una pr\u00e1ctica considerada ilegal cuando no media participaci\u00f3n en primarias, aunque hist\u00f3ricamente tolerada en elecciones pasadas.<\/p>\n\n\n\n<p>Entre los casos m\u00e1s comentados est\u00e1n el del diputado liberal <strong>Jorge C\u00e1lix<\/strong>, quien apareci\u00f3 en la papeleta de Olancho en sustituci\u00f3n de Samuel Garc\u00eda pese a haber competido como precandidato presidencial en marzo; el de <strong>Rodolfo Padilla Sunseri<\/strong>, inhabilitado judicialmente por cargos de corrupci\u00f3n, pero inscrito en San Pedro Sula; y el de <strong>Hip\u00f3lito Perdomo<\/strong>, propuesto para sustituir a Kency Rivera en Santa B\u00e1rbara sin haber participado en primarias.<\/p>\n\n\n\n<p>A estos se suma la situaci\u00f3n de la diputada oficialista <strong>Isis Cu\u00e9llar<\/strong>, suspendida de sus funciones legislativas por su partido tras un esc\u00e1ndalo de corrupci\u00f3n en la Sedesol, pero que a\u00fan figura en la planilla.<\/p>\n\n\n\n<p>El CNE ya desautoriz\u00f3 las papeletas que inclu\u00edan a C\u00e1lix y Perdomo, aunque no ha tomado una decisi\u00f3n definitiva en los casos de Padilla Sunseri y Cu\u00e9llar.<\/p>\n\n\n\n<h3 class=\"wp-block-heading\">Antecedentes similares<\/h3>\n\n\n\n<p>Aunque la Ley Electoral proh\u00edbe inscribir a aspirantes inhabilitados judicialmente o que no pasaron por primarias, en procesos anteriores el CNE ha permitido excepciones. Ejemplos de ello son los diputados nacionalistas <strong>Erasmo Portillo<\/strong> y <strong>Marco Midence<\/strong>, inscritos tras primarias v\u00eda sustituci\u00f3n; el alcalde sampedrano <strong>Roberto Contreras<\/strong>, electo pese a estar inhabilitado; y <strong>Ricardo \u00c1lvarez<\/strong>, quien tras perder primarias en 2013 termin\u00f3 como designado presidencial.<\/p>\n\n\n\n<p>Estos precedentes alimentan las cr\u00edticas de sectores que denuncian la discrecionalidad del \u00f3rgano electoral y el peso de las decisiones pol\u00edticas sobre el cumplimiento de la ley.<\/p>\n\n\n\n<figure class=\"wp-block-image size-full\"><img alt=\"\" loading=\"lazy\" decoding=\"async\" width=\"996\" height=\"683\" src=\"https:\/\/girasolmultimedios.com\/portal\/wp-content\/uploads\/image-25.png\" alt=\"\" class=\"wp-image-898\" srcset=\"https:\/\/girasolmultimedios.com\/portal\/wp-content\/uploads\/image-25.png 996w, https:\/\/girasolmultimedios.com\/portal\/wp-content\/uploads\/image-25-300x206.png 300w, https:\/\/girasolmultimedios.com\/portal\/wp-content\/uploads\/image-25-150x103.png 150w, https:\/\/girasolmultimedios.com\/portal\/wp-content\/uploads\/image-25-768x527.png 768w\" sizes=\"auto, (max-width: 996px) 100vw, 996px\" \/><\/figure>\n\n\n\n<figure class=\"wp-block-image size-full\"><img alt=\"\" loading=\"lazy\" decoding=\"async\" width=\"996\" height=\"355\" src=\"https:\/\/girasolmultimedios.com\/portal\/wp-content\/uploads\/image-26.png\" alt=\"\" class=\"wp-image-899\" srcset=\"https:\/\/girasolmultimedios.com\/portal\/wp-content\/uploads\/image-26.png 996w, https:\/\/girasolmultimedios.com\/portal\/wp-content\/uploads\/image-26-300x107.png 300w, https:\/\/girasolmultimedios.com\/portal\/wp-content\/uploads\/image-26-150x53.png 150w, https:\/\/girasolmultimedios.com\/portal\/wp-content\/uploads\/image-26-768x274.png 768w\" sizes=\"auto, (max-width: 996px) 100vw, 996px\" \/><\/figure>\n\n\n\n<figure class=\"wp-block-image size-large\"><img alt=\"\" loading=\"lazy\" decoding=\"async\" width=\"885\" height=\"1024\" src=\"https:\/\/girasolmultimedios.com\/portal\/wp-content\/uploads\/image-27-885x1024.png\" alt=\"\" class=\"wp-image-900\" srcset=\"https:\/\/girasolmultimedios.com\/portal\/wp-content\/uploads\/image-27-885x1024.png 885w, https:\/\/girasolmultimedios.com\/portal\/wp-content\/uploads\/image-27-259x300.png 259w, https:\/\/girasolmultimedios.com\/portal\/wp-content\/uploads\/image-27-130x150.png 130w, https:\/\/girasolmultimedios.com\/portal\/wp-content\/uploads\/image-27-768x889.png 768w, https:\/\/girasolmultimedios.com\/portal\/wp-content\/uploads\/image-27.png 996w\" sizes=\"auto, (max-width: 885px) 100vw, 885px\" \/><\/figure>\n","protected":false},"excerpt":{"rendered":"<p>El Consejo Nacional Electoral (CNE) comenz\u00f3 a socializar el dise\u00f1o de las papeletas electorales de los departamentos de Francisco Moraz\u00e1n y Cort\u00e9s, conocidas ya como aut\u00e9nticas \u201cs\u00e1banas\u201d por su extensi\u00f3n, debido al alto n\u00famero de candidatos que buscan un esca\u00f1o en el Congreso Nacional. Ambos departamentos concentran casi la mitad del electorado hondure\u00f1o, con 23 [&hellip;]<\/p>\n","protected":false},"author":2,"featured_media":897,"comment_status":"closed","ping_status":"open","sticky":false,"template":"","format":"standard","meta":{"_seopress_robots_primary_cat":"","_seopress_titles_title":"","_seopress_titles_desc":"","_seopress_robots_index":"","footnotes":""},"categories":[23],"tags":[202],"class_list":["post-896","post","type-post","status-publish","format-standard","has-post-thumbnail","hentry","category-nacionales","tag-cne"],"_links":{"self":[{"href":"https:\/\/girasolmultimedios.com\/portal\/wp-json\/wp\/v2\/posts\/896","targetHints":{"allow":["GET"]}}],"collection":[{"href":"https:\/\/girasolmultimedios.com\/portal\/wp-json\/wp\/v2\/posts"}],"about":[{"href":"https:\/\/girasolmultimedios.com\/portal\/wp-json\/wp\/v2\/types\/post"}],"author":[{"embeddable":true,"href":"https:\/\/girasolmultimedios.com\/portal\/wp-json\/wp\/v2\/users\/2"}],"replies":[{"embeddable":true,"href":"https:\/\/girasolmultimedios.com\/portal\/wp-json\/wp\/v2\/comments?post=896"}],"version-history":[{"count":1,"href":"https:\/\/girasolmultimedios.com\/portal\/wp-json\/wp\/v2\/posts\/896\/revisions"}],"predecessor-version":[{"id":901,"href":"https:\/\/girasolmultimedios.com\/portal\/wp-json\/wp\/v2\/posts\/896\/revisions\/901"}],"wp:featuredmedia":[{"embeddable":true,"href":"https:\/\/girasolmultimedios.com\/portal\/wp-json\/wp\/v2\/media\/897"}],"wp:attachment":[{"href":"https:\/\/girasolmultimedios.com\/portal\/wp-json\/wp\/v2\/media?parent=896"}],"wp:term":[{"taxonomy":"category","embeddable":true,"href":"https:\/\/girasolmultimedios.com\/portal\/wp-json\/wp\/v2\/categories?post=896"},{"taxonomy":"post_tag","embeddable":true,"href":"https:\/\/girasolmultimedios.com\/portal\/wp-json\/wp\/v2\/tags?post=896"}],"curies":[{"name":"wp","href":"https:\/\/api.w.org\/{rel}","templated":true}]}}